{"id":31803,"date":"2022-11-06T13:52:17","date_gmt":"2022-11-06T12:52:17","guid":{"rendered":"http:\/\/wearepropos.es\/propos-parmi-les-experts-reunis-par-lunesco-pour-le-nouveau-contrat-social-pour-leducation\/"},"modified":"2023-08-22T11:12:04","modified_gmt":"2023-08-22T09:12:04","slug":"propos-parmi-les-experts-reunis-par-lunesco-pour-le-nouveau-contrat-social-pour-leducation","status":"publish","type":"post","link":"https:\/\/wearepropos.es\/fr\/propos-parmi-les-experts-reunis-par-lunesco-pour-le-nouveau-contrat-social-pour-leducation\/","title":{"rendered":"PROP\u00d3S, parmi les experts r\u00e9unis par l&rsquo;UNESCO pour le nouveau contrat social pour l&rsquo;\u00e9ducation"},"content":{"rendered":"<h2 style=\"padding-top:6px; font-family: p !important; font-size: 21px!important; color: #222c40!important; line-height:26px !important; padding-bottom:15px;\">Prop\u00f3s, une soci\u00e9t\u00e9 espagnole de conseil en mati\u00e8re de d\u00e9veloppement durable et de droits de l&rsquo;homme, a particip\u00e9 les 3 et 4 novembre \u00e0 la r\u00e9union internationale Unitwin, qui a rassembl\u00e9 des experts et des professionnels de l&rsquo;\u00e9ducation au si\u00e8ge de l&rsquo;<a href=\"https:\/\/www.unesco.org\/en\">UNESCO<\/a> \u00e0 Paris pour discuter du nouveau contrat social pour l&rsquo;\u00e9ducation.<\/h2>\n<p>Cette activit\u00e9, int\u00e9gr\u00e9e dans le  <a href=\"\/?p=27122\">L&rsquo;agenda international de Prop\u00f3s \u00e0 Paris<\/a>Le nouveau contrat social pour l&rsquo;\u00e9ducation, que l&rsquo;UNESCO promeut, apr\u00e8s l&rsquo;adoption de la loi sur l&rsquo;\u00e9ducation, a \u00e9t\u00e9 mis en place par la Commission europ\u00e9enne.<a href=\"https:\/\/es.unesco.org\/futuresofeducation\/reuniones-y-documentos\">  rapport final<\/a>  de la  <a href=\"https:\/\/es.unesco.org\/futuresofeducation\/\">Commission internationale sur l&rsquo;avenir de l&rsquo;\u00e9ducation<\/a>sur la base d&rsquo;un processus de consultation mondial auquel ont particip\u00e9 pr\u00e8s d&rsquo;un million de personnes.<\/p>\n<p>Les 3 et 4 novembre, \u00e0 son si\u00e8ge \u00e0 Paris, l&rsquo;UNESCO a r\u00e9uni des experts, des universitaires et des professionnels du monde de l&rsquo;\u00e9ducation, de la recherche et de la communication pour discuter des <a href=\"https:\/\/es.unesco.org\/futuresofeducation\/reuniones-y-documentos\">conclusions finales<\/a> de ce rapport et pr\u00e9senter publiquement les fondements de ce nouveau contrat social.<\/p>\n<p>Tout au long de la conf\u00e9rence, le directeur ex\u00e9cutif de Prop\u00f3s, Mario Martinez, a eu l&rsquo;occasion de participer \u00e0 diff\u00e9rents panels et ateliers de discussion sur la gouvernance, l&rsquo;approche bas\u00e9e sur les droits de l&rsquo;homme et la communication, aux c\u00f4t\u00e9s de repr\u00e9sentants de l&rsquo;UNESCO, tels que le Dr. Marielza Oliveira, directrice de la section Communication de l&rsquo;UNESCO ; Dr. Stefania Giannini, actuelle directrice g\u00e9n\u00e9rale adjointe de l&rsquo;\u00e9ducation, ou George Haddad, ancien recteur de l&rsquo;universit\u00e9 de la Sorbonne en France.<\/p>\n<p>Dans le domaine de la gouvernance, il est \u00e9galement membre du <a href=\"https:\/\/events.unesco.org\/event?id=3003206114&amp;lang=1033\">conseil consultatif de la chaire UNESCO<\/a>.  Il a pr\u00e9conis\u00e9 l&rsquo;int\u00e9gration de \u00ab\u00a0m\u00e9canismes de responsabilisation\u00a0\u00bb pour les contributions des pays au nouveau contrat social : \u00ab\u00a0Je pense \u00e0 un examen p\u00e9riodique de l&rsquo;\u00e9ducation, au sein des organes de l&rsquo;UNESCO, o\u00f9 les pays sont examin\u00e9s et tenus de rendre compte de leurs progr\u00e8s et de leurs \u00e9checs, ainsi que de leurs contributions au contrat social.<\/p>\n<p>Pour Mart\u00ednez, la premi\u00e8re \u00e9tape de la gouvernance \u00e9ducative est de \u00ab\u00a0r\u00e9gir le contrat social\u00a0\u00bb et cela n\u00e9cessite \u00e9galement, selon lui, de \u00ab\u00a0fournir un syst\u00e8me commun d&rsquo;indicateurs pour l&rsquo;\u00e9valuation ; des recommandations claires, des cadres de travail communs\u00a0\u00bb.<\/p>\n<h3 style=\"font-family: bold !important; font-size: 21px!important; color: #37456d!important; line-height: 24px !important;\">Le contrat social pour l&rsquo;\u00e9ducation<\/h3>\n<p>Le <a href=\"https:\/\/es.unesco.org\/futuresofeducation\/noticias\/el-informe-de-la-unesco-sobre-los-futuros-de-la-educacion-traducido-al-espanol\">nouveau contrat social pour l&rsquo;\u00e9ducation<\/a> propos\u00e9 par l&rsquo;UNESCO est bas\u00e9 sur le pouvoir de l&rsquo;\u00e9ducation d&rsquo;apporter des changements profonds, de r\u00e9parer les injustices, tout en transformant le monde. L&rsquo;UNESCO propose un contrat social fond\u00e9 sur les droits de l&rsquo;homme et des principes universels tels que la non-discrimination, la justice sociale, le respect de la vie, la dignit\u00e9 humaine et la diversit\u00e9 sociale, afin de renforcer l&rsquo;\u00e9ducation en tant que projet public et bien commun.<\/p>\n<p>\u00c0 partir d&rsquo;une vision commune et partag\u00e9e des objectifs publics de l&rsquo;\u00e9ducation, elle propose plus qu&rsquo;une transaction entre g\u00e9n\u00e9rations : des normes, des engagements et des principes l\u00e9gif\u00e9r\u00e9s et culturellement ancr\u00e9s.<\/p>\n","protected":false},"excerpt":{"rendered":"<p>L&rsquo;organisme international a d\u00e9battu du rapport final de la Commission internationale sur l&rsquo;avenir de l&rsquo;\u00e9ducation afin de d\u00e9finir un nouveau contrat social pour l&rsquo;\u00e9ducation.<\/p>\n","protected":false},"author":4,"featured_media":31523,"comment_status":"closed","ping_status":"closed","sticky":false,"template":"","format":"standard","meta":{"_et_pb_use_builder":"","_et_pb_old_content":"","_et_gb_content_width":"","footnotes":""},"categories":[567,565,550,599,519],"tags":[534,618,624,617,620,622,615,613,621,614,616,619,556,623],"dipi_cpt_category":[],"class_list":["post-31803","post","type-post","status-publish","format-standard","has-post-thumbnail","hentry","category-blog-faits-marquants","category-communiques-de-presse","category-mario-martinez-fr","category-missions","category-propositions","tag-conseil-en-matiere-de-developpement-durable","tag-consultant","tag-contrat-social-pour-leducation","tag-criteres-esg","tag-diligence-raisonnable","tag-directive-europeenne","tag-droits-de-lhomme-et-entreprises","tag-formation-aux-droits-de-lhomme","tag-gouvernance","tag-le-droit-a-leducation","tag-paris-fr","tag-propositions","tag-unesco-fr","tag-union-europeenne"],"yoast_head":"<!-- This site is optimized with the Yoast SEO plugin v27.5 - https:\/\/yoast.com\/product\/yoast-seo-wordpress\/ -->\n<title>PROP\u00d3S contribue au contrat social de l&#039;UNESCO pour l&#039;\u00e9ducation.<\/title>\n<meta name=\"description\" content=\"L&#039;UNESCO a d\u00e9battu du rapport de la Commission sur l&#039;avenir de l&#039;\u00e9ducation afin de d\u00e9finir un nouveau contrat social pour l&#039;\u00e9ducation.\" \/>\n<meta name=\"robots\" content=\"index, follow, max-snippet:-1, max-image-preview:large, max-video-preview:-1\" \/>\n<link rel=\"canonical\" href=\"https:\/\/wearepropos.es\/fr\/propos-parmi-les-experts-reunis-par-lunesco-pour-le-nouveau-contrat-social-pour-leducation\/\" \/>\n<meta property=\"og:locale\" content=\"fr_FR\" \/>\n<meta property=\"og:type\" content=\"article\" \/>\n<meta property=\"og:title\" content=\"Prop\u00f3s, parmi les experts de l&#039;UNESCO pour son contrat social\" \/>\n<meta property=\"og:description\" content=\"L&#039;UNESCO a soumis \u00e0 la discussion le rapport final de la Commission internationale sur l&#039;avenir de l&#039;\u00e9ducation afin de d\u00e9finir un nouveau contrat social pour l&#039;\u00e9ducation.\" \/>\n<meta property=\"og:url\" content=\"https:\/\/wearepropos.es\/fr\/propos-parmi-les-experts-reunis-par-lunesco-pour-le-nouveau-contrat-social-pour-leducation\/\" \/>\n<meta property=\"og:site_name\" content=\"Prop\u00f3s | Sostenibilidad, ESG, Branding y Comunicaci\u00f3n en Madrid, Barcelona y Ginebra\" \/>\n<meta property=\"article:published_time\" content=\"2022-11-06T12:52:17+00:00\" \/>\n<meta property=\"article:modified_time\" content=\"2023-08-22T09:12:04+00:00\" \/>\n<meta property=\"og:image\" content=\"http:\/\/wearepropos.es\/wp-content\/uploads\/2022\/11\/mario-martinez-larioja-2.jpg\" \/>\n<meta name=\"author\" content=\"Prop\u00f3s ESG, sostenibilidad e impacto social\" \/>\n<meta name=\"twitter:card\" content=\"summary_large_image\" \/>\n<meta name=\"twitter:title\" content=\"Prop\u00f3s, parmi les experts de l&#039;UNESCO pour son contrat social\" \/>\n<meta name=\"twitter:description\" content=\"L&#039;UNESCO a soumis \u00e0 la discussion le rapport final de la Commission internationale sur l&#039;avenir de l&#039;\u00e9ducation afin de d\u00e9finir un nouveau contrat social pour l&#039;\u00e9ducation.\" \/>\n<meta name=\"twitter:image\" content=\"http:\/\/wearepropos.es\/wp-content\/uploads\/2022\/11\/mario-martinez-larioja-2.jpg\" \/>\n<meta name=\"twitter:label1\" content=\"\u00c9crit par\" \/>\n\t<meta name=\"twitter:data1\" content=\"Prop\u00f3s ESG, sostenibilidad e impacto social\" \/>\n\t<meta name=\"twitter:label2\" content=\"Dur\u00e9e de lecture estim\u00e9e\" \/>\n\t<meta name=\"twitter:data2\" content=\"3 minutes\" \/>\n<script type=\"application\/ld+json\" class=\"yoast-schema-graph\">{\"@context\":\"https:\\\/\\\/schema.org\",\"@graph\":[{\"@type\":[\"Article\",\"BlogPosting\"],\"@id\":\"https:\\\/\\\/wearepropos.es\\\/fr\\\/propos-parmi-les-experts-reunis-par-lunesco-pour-le-nouveau-contrat-social-pour-leducation\\\/#article\",\"isPartOf\":{\"@id\":\"https:\\\/\\\/wearepropos.es\\\/fr\\\/propos-parmi-les-experts-reunis-par-lunesco-pour-le-nouveau-contrat-social-pour-leducation\\\/\"},\"author\":{\"name\":\"Prop\u00f3s ESG, sostenibilidad e impacto social\",\"@id\":\"https:\\\/\\\/wearepropos.es\\\/fr\\\/#\\\/schema\\\/person\\\/445d67b6a1dcbdf0fb5332d58ccbeb21\"},\"headline\":\"PROP\u00d3S, parmi les experts r\u00e9unis par l&rsquo;UNESCO pour le nouveau contrat social pour l&rsquo;\u00e9ducation\",\"datePublished\":\"2022-11-06T12:52:17+00:00\",\"dateModified\":\"2023-08-22T09:12:04+00:00\",\"mainEntityOfPage\":{\"@id\":\"https:\\\/\\\/wearepropos.es\\\/fr\\\/propos-parmi-les-experts-reunis-par-lunesco-pour-le-nouveau-contrat-social-pour-leducation\\\/\"},\"wordCount\":547,\"publisher\":{\"@id\":\"https:\\\/\\\/wearepropos.es\\\/fr\\\/#organization\"},\"image\":{\"@id\":\"https:\\\/\\\/wearepropos.es\\\/fr\\\/propos-parmi-les-experts-reunis-par-lunesco-pour-le-nouveau-contrat-social-pour-leducation\\\/#primaryimage\"},\"thumbnailUrl\":\"https:\\\/\\\/wearepropos.es\\\/wp-content\\\/uploads\\\/2022\\\/11\\\/mario-martinez-larioja-2.jpg\",\"keywords\":[\"Conseil en mati\u00e8re de d\u00e9veloppement durable\",\"Consultant\",\"Contrat social pour l'\u00e9ducation\",\"Crit\u00e8res ESG\",\"diligence raisonnable\",\"Directive europ\u00e9enne\",\"droits de l'homme et entreprises\",\"Formation aux droits de l'homme\",\"gouvernance\",\"le droit \u00e0 l'\u00e9ducation\",\"Paris\",\"Propositions\",\"Unesco\",\"Union europ\u00e9enne\"],\"articleSection\":[\"Blog, Faits marquants\",\"Communiqu\u00e9s de presse\",\"Mario Martinez\",\"Missions\",\"Propositions\"],\"inLanguage\":\"fr-FR\"},{\"@type\":\"WebPage\",\"@id\":\"https:\\\/\\\/wearepropos.es\\\/fr\\\/propos-parmi-les-experts-reunis-par-lunesco-pour-le-nouveau-contrat-social-pour-leducation\\\/\",\"url\":\"https:\\\/\\\/wearepropos.es\\\/fr\\\/propos-parmi-les-experts-reunis-par-lunesco-pour-le-nouveau-contrat-social-pour-leducation\\\/\",\"name\":\"PROP\u00d3S contribue au contrat social de l'UNESCO pour l'\u00e9ducation.\",\"isPartOf\":{\"@id\":\"https:\\\/\\\/wearepropos.es\\\/fr\\\/#website\"},\"primaryImageOfPage\":{\"@id\":\"https:\\\/\\\/wearepropos.es\\\/fr\\\/propos-parmi-les-experts-reunis-par-lunesco-pour-le-nouveau-contrat-social-pour-leducation\\\/#primaryimage\"},\"image\":{\"@id\":\"https:\\\/\\\/wearepropos.es\\\/fr\\\/propos-parmi-les-experts-reunis-par-lunesco-pour-le-nouveau-contrat-social-pour-leducation\\\/#primaryimage\"},\"thumbnailUrl\":\"https:\\\/\\\/wearepropos.es\\\/wp-content\\\/uploads\\\/2022\\\/11\\\/mario-martinez-larioja-2.jpg\",\"datePublished\":\"2022-11-06T12:52:17+00:00\",\"dateModified\":\"2023-08-22T09:12:04+00:00\",\"description\":\"L'UNESCO a d\u00e9battu du rapport de la Commission sur l'avenir de l'\u00e9ducation afin de d\u00e9finir un nouveau contrat social pour l'\u00e9ducation.\",\"breadcrumb\":{\"@id\":\"https:\\\/\\\/wearepropos.es\\\/fr\\\/propos-parmi-les-experts-reunis-par-lunesco-pour-le-nouveau-contrat-social-pour-leducation\\\/#breadcrumb\"},\"inLanguage\":\"fr-FR\",\"potentialAction\":[{\"@type\":\"ReadAction\",\"target\":[\"https:\\\/\\\/wearepropos.es\\\/fr\\\/propos-parmi-les-experts-reunis-par-lunesco-pour-le-nouveau-contrat-social-pour-leducation\\\/\"]}]},{\"@type\":\"ImageObject\",\"inLanguage\":\"fr-FR\",\"@id\":\"https:\\\/\\\/wearepropos.es\\\/fr\\\/propos-parmi-les-experts-reunis-par-lunesco-pour-le-nouveau-contrat-social-pour-leducation\\\/#primaryimage\",\"url\":\"https:\\\/\\\/wearepropos.es\\\/wp-content\\\/uploads\\\/2022\\\/11\\\/mario-martinez-larioja-2.jpg\",\"contentUrl\":\"https:\\\/\\\/wearepropos.es\\\/wp-content\\\/uploads\\\/2022\\\/11\\\/mario-martinez-larioja-2.jpg\",\"width\":1024,\"height\":512,\"caption\":\"Mario Martinez, consultor de sostenibilidad e impacto social en La Rioja, Madrid y Barcelona\"},{\"@type\":\"BreadcrumbList\",\"@id\":\"https:\\\/\\\/wearepropos.es\\\/fr\\\/propos-parmi-les-experts-reunis-par-lunesco-pour-le-nouveau-contrat-social-pour-leducation\\\/#breadcrumb\",\"itemListElement\":[{\"@type\":\"ListItem\",\"position\":1,\"name\":\"Portada\",\"item\":\"https:\\\/\\\/wearepropos.es\\\/fr\\\/\"},{\"@type\":\"ListItem\",\"position\":2,\"name\":\"PROP\u00d3S, parmi les experts r\u00e9unis par l&#8217;UNESCO pour le nouveau contrat social pour l&#8217;\u00e9ducation\"}]},{\"@type\":\"WebSite\",\"@id\":\"https:\\\/\\\/wearepropos.es\\\/fr\\\/#website\",\"url\":\"https:\\\/\\\/wearepropos.es\\\/fr\\\/\",\"name\":\"Prop\u00f3s | Sostenibilidad, ESG, Branding y Comunicaci\u00f3n en Madrid, Barcelona y Ginebra\",\"description\":\"Empresa y agencia consultora en Sostenibilidad, ESG, impacto social, informe no financiero, branding y dise\u00f1o en Madrid, Barcelona y Ginebra\",\"publisher\":{\"@id\":\"https:\\\/\\\/wearepropos.es\\\/fr\\\/#organization\"},\"potentialAction\":[{\"@type\":\"SearchAction\",\"target\":{\"@type\":\"EntryPoint\",\"urlTemplate\":\"https:\\\/\\\/wearepropos.es\\\/fr\\\/?s={search_term_string}\"},\"query-input\":{\"@type\":\"PropertyValueSpecification\",\"valueRequired\":true,\"valueName\":\"search_term_string\"}}],\"inLanguage\":\"fr-FR\"},{\"@type\":\"Organization\",\"@id\":\"https:\\\/\\\/wearepropos.es\\\/fr\\\/#organization\",\"name\":\"Prop\u00f3s\",\"url\":\"https:\\\/\\\/wearepropos.es\\\/fr\\\/\",\"logo\":{\"@type\":\"ImageObject\",\"inLanguage\":\"fr-FR\",\"@id\":\"https:\\\/\\\/wearepropos.es\\\/fr\\\/#\\\/schema\\\/logo\\\/image\\\/\",\"url\":\"http:\\\/\\\/wearepropos.es\\\/wp-content\\\/uploads\\\/2023\\\/04\\\/fondo-generalista.png\",\"contentUrl\":\"http:\\\/\\\/wearepropos.es\\\/wp-content\\\/uploads\\\/2023\\\/04\\\/fondo-generalista.png\",\"width\":1219,\"height\":649,\"caption\":\"Prop\u00f3s\"},\"image\":{\"@id\":\"https:\\\/\\\/wearepropos.es\\\/fr\\\/#\\\/schema\\\/logo\\\/image\\\/\"}},{\"@type\":\"Person\",\"@id\":\"https:\\\/\\\/wearepropos.es\\\/fr\\\/#\\\/schema\\\/person\\\/445d67b6a1dcbdf0fb5332d58ccbeb21\",\"name\":\"Prop\u00f3s ESG, sostenibilidad e impacto social\",\"image\":{\"@type\":\"ImageObject\",\"inLanguage\":\"fr-FR\",\"@id\":\"https:\\\/\\\/wearepropos.es\\\/wp-content\\\/litespeed\\\/avatar\\\/81ea4cc1840341d3817e1c13f490c69e.jpg?ver=1777471161\",\"url\":\"https:\\\/\\\/wearepropos.es\\\/wp-content\\\/litespeed\\\/avatar\\\/81ea4cc1840341d3817e1c13f490c69e.jpg?ver=1777471161\",\"contentUrl\":\"https:\\\/\\\/wearepropos.es\\\/wp-content\\\/litespeed\\\/avatar\\\/81ea4cc1840341d3817e1c13f490c69e.jpg?ver=1777471161\",\"caption\":\"Prop\u00f3s ESG, sostenibilidad e impacto social\"},\"sameAs\":[\"http:\\\/\\\/wearepropos.es\"]}]}<\/script>\n<!-- \/ Yoast SEO plugin. -->","yoast_head_json":{"title":"PROP\u00d3S contribue au contrat social de l'UNESCO pour l'\u00e9ducation.","description":"L'UNESCO a d\u00e9battu du rapport de la Commission sur l'avenir de l'\u00e9ducation afin de d\u00e9finir un nouveau contrat social pour l'\u00e9ducation.","robots":{"index":"index","follow":"follow","max-snippet":"max-snippet:-1","max-image-preview":"max-image-preview:large","max-video-preview":"max-video-preview:-1"},"canonical":"https:\/\/wearepropos.es\/fr\/propos-parmi-les-experts-reunis-par-lunesco-pour-le-nouveau-contrat-social-pour-leducation\/","og_locale":"fr_FR","og_type":"article","og_title":"Prop\u00f3s, parmi les experts de l'UNESCO pour son contrat social","og_description":"L'UNESCO a soumis \u00e0 la discussion le rapport final de la Commission internationale sur l'avenir de l'\u00e9ducation afin de d\u00e9finir un nouveau contrat social pour l'\u00e9ducation.","og_url":"https:\/\/wearepropos.es\/fr\/propos-parmi-les-experts-reunis-par-lunesco-pour-le-nouveau-contrat-social-pour-leducation\/","og_site_name":"Prop\u00f3s | Sostenibilidad, ESG, Branding y Comunicaci\u00f3n en Madrid, Barcelona y Ginebra","article_published_time":"2022-11-06T12:52:17+00:00","article_modified_time":"2023-08-22T09:12:04+00:00","og_image":[{"url":"http:\/\/wearepropos.es\/wp-content\/uploads\/2022\/11\/mario-martinez-larioja-2.jpg","type":"","width":"","height":""}],"author":"Prop\u00f3s ESG, sostenibilidad e impacto social","twitter_card":"summary_large_image","twitter_title":"Prop\u00f3s, parmi les experts de l'UNESCO pour son contrat social","twitter_description":"L'UNESCO a soumis \u00e0 la discussion le rapport final de la Commission internationale sur l'avenir de l'\u00e9ducation afin de d\u00e9finir un nouveau contrat social pour l'\u00e9ducation.","twitter_image":"http:\/\/wearepropos.es\/wp-content\/uploads\/2022\/11\/mario-martinez-larioja-2.jpg","twitter_misc":{"\u00c9crit par":"Prop\u00f3s ESG, sostenibilidad e impacto social","Dur\u00e9e de lecture estim\u00e9e":"3 minutes"},"schema":{"@context":"https:\/\/schema.org","@graph":[{"@type":["Article","BlogPosting"],"@id":"https:\/\/wearepropos.es\/fr\/propos-parmi-les-experts-reunis-par-lunesco-pour-le-nouveau-contrat-social-pour-leducation\/#article","isPartOf":{"@id":"https:\/\/wearepropos.es\/fr\/propos-parmi-les-experts-reunis-par-lunesco-pour-le-nouveau-contrat-social-pour-leducation\/"},"author":{"name":"Prop\u00f3s ESG, sostenibilidad e impacto social","@id":"https:\/\/wearepropos.es\/fr\/#\/schema\/person\/445d67b6a1dcbdf0fb5332d58ccbeb21"},"headline":"PROP\u00d3S, parmi les experts r\u00e9unis par l&rsquo;UNESCO pour le nouveau contrat social pour l&rsquo;\u00e9ducation","datePublished":"2022-11-06T12:52:17+00:00","dateModified":"2023-08-22T09:12:04+00:00","mainEntityOfPage":{"@id":"https:\/\/wearepropos.es\/fr\/propos-parmi-les-experts-reunis-par-lunesco-pour-le-nouveau-contrat-social-pour-leducation\/"},"wordCount":547,"publisher":{"@id":"https:\/\/wearepropos.es\/fr\/#organization"},"image":{"@id":"https:\/\/wearepropos.es\/fr\/propos-parmi-les-experts-reunis-par-lunesco-pour-le-nouveau-contrat-social-pour-leducation\/#primaryimage"},"thumbnailUrl":"https:\/\/wearepropos.es\/wp-content\/uploads\/2022\/11\/mario-martinez-larioja-2.jpg","keywords":["Conseil en mati\u00e8re de d\u00e9veloppement durable","Consultant","Contrat social pour l'\u00e9ducation","Crit\u00e8res ESG","diligence raisonnable","Directive europ\u00e9enne","droits de l'homme et entreprises","Formation aux droits de l'homme","gouvernance","le droit \u00e0 l'\u00e9ducation","Paris","Propositions","Unesco","Union europ\u00e9enne"],"articleSection":["Blog, Faits marquants","Communiqu\u00e9s de presse","Mario Martinez","Missions","Propositions"],"inLanguage":"fr-FR"},{"@type":"WebPage","@id":"https:\/\/wearepropos.es\/fr\/propos-parmi-les-experts-reunis-par-lunesco-pour-le-nouveau-contrat-social-pour-leducation\/","url":"https:\/\/wearepropos.es\/fr\/propos-parmi-les-experts-reunis-par-lunesco-pour-le-nouveau-contrat-social-pour-leducation\/","name":"PROP\u00d3S contribue au contrat social de l'UNESCO pour l'\u00e9ducation.","isPartOf":{"@id":"https:\/\/wearepropos.es\/fr\/#website"},"primaryImageOfPage":{"@id":"https:\/\/wearepropos.es\/fr\/propos-parmi-les-experts-reunis-par-lunesco-pour-le-nouveau-contrat-social-pour-leducation\/#primaryimage"},"image":{"@id":"https:\/\/wearepropos.es\/fr\/propos-parmi-les-experts-reunis-par-lunesco-pour-le-nouveau-contrat-social-pour-leducation\/#primaryimage"},"thumbnailUrl":"https:\/\/wearepropos.es\/wp-content\/uploads\/2022\/11\/mario-martinez-larioja-2.jpg","datePublished":"2022-11-06T12:52:17+00:00","dateModified":"2023-08-22T09:12:04+00:00","description":"L'UNESCO a d\u00e9battu du rapport de la Commission sur l'avenir de l'\u00e9ducation afin de d\u00e9finir un nouveau contrat social pour l'\u00e9ducation.","breadcrumb":{"@id":"https:\/\/wearepropos.es\/fr\/propos-parmi-les-experts-reunis-par-lunesco-pour-le-nouveau-contrat-social-pour-leducation\/#breadcrumb"},"inLanguage":"fr-FR","potentialAction":[{"@type":"ReadAction","target":["https:\/\/wearepropos.es\/fr\/propos-parmi-les-experts-reunis-par-lunesco-pour-le-nouveau-contrat-social-pour-leducation\/"]}]},{"@type":"ImageObject","inLanguage":"fr-FR","@id":"https:\/\/wearepropos.es\/fr\/propos-parmi-les-experts-reunis-par-lunesco-pour-le-nouveau-contrat-social-pour-leducation\/#primaryimage","url":"https:\/\/wearepropos.es\/wp-content\/uploads\/2022\/11\/mario-martinez-larioja-2.jpg","contentUrl":"https:\/\/wearepropos.es\/wp-content\/uploads\/2022\/11\/mario-martinez-larioja-2.jpg","width":1024,"height":512,"caption":"Mario Martinez, consultor de sostenibilidad e impacto social en La Rioja, Madrid y Barcelona"},{"@type":"BreadcrumbList","@id":"https:\/\/wearepropos.es\/fr\/propos-parmi-les-experts-reunis-par-lunesco-pour-le-nouveau-contrat-social-pour-leducation\/#breadcrumb","itemListElement":[{"@type":"ListItem","position":1,"name":"Portada","item":"https:\/\/wearepropos.es\/fr\/"},{"@type":"ListItem","position":2,"name":"PROP\u00d3S, parmi les experts r\u00e9unis par l&#8217;UNESCO pour le nouveau contrat social pour l&#8217;\u00e9ducation"}]},{"@type":"WebSite","@id":"https:\/\/wearepropos.es\/fr\/#website","url":"https:\/\/wearepropos.es\/fr\/","name":"Prop\u00f3s | Sostenibilidad, ESG, Branding y Comunicaci\u00f3n en Madrid, Barcelona y Ginebra","description":"Empresa y agencia consultora en Sostenibilidad, ESG, impacto social, informe no financiero, branding y dise\u00f1o en Madrid, Barcelona y Ginebra","publisher":{"@id":"https:\/\/wearepropos.es\/fr\/#organization"},"potentialAction":[{"@type":"SearchAction","target":{"@type":"EntryPoint","urlTemplate":"https:\/\/wearepropos.es\/fr\/?s={search_term_string}"},"query-input":{"@type":"PropertyValueSpecification","valueRequired":true,"valueName":"search_term_string"}}],"inLanguage":"fr-FR"},{"@type":"Organization","@id":"https:\/\/wearepropos.es\/fr\/#organization","name":"Prop\u00f3s","url":"https:\/\/wearepropos.es\/fr\/","logo":{"@type":"ImageObject","inLanguage":"fr-FR","@id":"https:\/\/wearepropos.es\/fr\/#\/schema\/logo\/image\/","url":"http:\/\/wearepropos.es\/wp-content\/uploads\/2023\/04\/fondo-generalista.png","contentUrl":"http:\/\/wearepropos.es\/wp-content\/uploads\/2023\/04\/fondo-generalista.png","width":1219,"height":649,"caption":"Prop\u00f3s"},"image":{"@id":"https:\/\/wearepropos.es\/fr\/#\/schema\/logo\/image\/"}},{"@type":"Person","@id":"https:\/\/wearepropos.es\/fr\/#\/schema\/person\/445d67b6a1dcbdf0fb5332d58ccbeb21","name":"Prop\u00f3s ESG, sostenibilidad e impacto social","image":{"@type":"ImageObject","inLanguage":"fr-FR","@id":"https:\/\/wearepropos.es\/wp-content\/litespeed\/avatar\/81ea4cc1840341d3817e1c13f490c69e.jpg?ver=1777471161","url":"https:\/\/wearepropos.es\/wp-content\/litespeed\/avatar\/81ea4cc1840341d3817e1c13f490c69e.jpg?ver=1777471161","contentUrl":"https:\/\/wearepropos.es\/wp-content\/litespeed\/avatar\/81ea4cc1840341d3817e1c13f490c69e.jpg?ver=1777471161","caption":"Prop\u00f3s ESG, sostenibilidad e impacto social"},"sameAs":["http:\/\/wearepropos.es"]}]}},"_links":{"self":[{"href":"https:\/\/wearepropos.es\/fr\/wp-json\/wp\/v2\/posts\/31803","targetHints":{"allow":["GET"]}}],"collection":[{"href":"https:\/\/wearepropos.es\/fr\/wp-json\/wp\/v2\/posts"}],"about":[{"href":"https:\/\/wearepropos.es\/fr\/wp-json\/wp\/v2\/types\/post"}],"author":[{"embeddable":true,"href":"https:\/\/wearepropos.es\/fr\/wp-json\/wp\/v2\/users\/4"}],"replies":[{"embeddable":true,"href":"https:\/\/wearepropos.es\/fr\/wp-json\/wp\/v2\/comments?post=31803"}],"version-history":[{"count":1,"href":"https:\/\/wearepropos.es\/fr\/wp-json\/wp\/v2\/posts\/31803\/revisions"}],"predecessor-version":[{"id":38028,"href":"https:\/\/wearepropos.es\/fr\/wp-json\/wp\/v2\/posts\/31803\/revisions\/38028"}],"wp:featuredmedia":[{"embeddable":true,"href":"https:\/\/wearepropos.es\/fr\/wp-json\/wp\/v2\/media\/31523"}],"wp:attachment":[{"href":"https:\/\/wearepropos.es\/fr\/wp-json\/wp\/v2\/media?parent=31803"}],"wp:term":[{"taxonomy":"category","embeddable":true,"href":"https:\/\/wearepropos.es\/fr\/wp-json\/wp\/v2\/categories?post=31803"},{"taxonomy":"post_tag","embeddable":true,"href":"https:\/\/wearepropos.es\/fr\/wp-json\/wp\/v2\/tags?post=31803"},{"taxonomy":"dipi_cpt_category","embeddable":true,"href":"https:\/\/wearepropos.es\/fr\/wp-json\/wp\/v2\/dipi_cpt_category?post=31803"}],"curies":[{"name":"wp","href":"https:\/\/api.w.org\/{rel}","templated":true}]}}