{"id":31921,"date":"2023-07-03T12:26:31","date_gmt":"2023-07-03T10:26:31","guid":{"rendered":"http:\/\/wearepropos.es\/?p=31921"},"modified":"2023-09-08T10:24:58","modified_gmt":"2023-09-08T08:24:58","slug":"3-etapes-cles-pour-la-politique-des-droits-de-lhomme-de-votre-entreprise","status":"publish","type":"post","link":"https:\/\/wearepropos.es\/fr\/3-etapes-cles-pour-la-politique-des-droits-de-lhomme-de-votre-entreprise\/","title":{"rendered":"3 \u00e9tapes cl\u00e9s pour la politique des droits de l&rsquo;homme de votre entreprise"},"content":{"rendered":"<p>Le graphique suivant pr\u00e9sente les trois phases d\u00e9cisives de l&rsquo;int\u00e9gration des principes directeurs dans les entreprises, selon l&rsquo;approche du Pacte mondial.<\/p>\n<h3 style=\"padding-top: 10px; padding-bottom: 10px; color: #3a4781 !important;\">Phase 1. Rendre l&rsquo;engagement explicite.<\/h3>\n<p>La premi\u00e8re phase consiste \u00e0 adopter une politique d&rsquo;engagement en faveur des droits de l&rsquo;homme et \u00e0 d\u00e9finir les modalit\u00e9s de sa mise en \u0153uvre.<\/p>\n<p>Cette phase peut \u00e9galement conduire le conseil d&rsquo;administration ou l&rsquo;organe de direction \u00e0 cr\u00e9er un comit\u00e9 ou \u00e0 confier la responsabilit\u00e9 \u00e0 un cadre sup\u00e9rieur de l&rsquo;entreprise.<\/p>\n<h3 style=\"padding-top: 10px; padding-bottom: 10px; color: #3a4781 !important;\">Phase 2. Diligence raisonnable.<\/h3>\n<p>La deuxi\u00e8me phase consiste \u00e0 identifier, par le biais d&rsquo;un processus de diligence raisonnable, les risques en mati\u00e8re de droits de l&rsquo;homme.<\/p>\n<p>Selon le Pacte mondial, le devoir de diligence est la mani\u00e8re dont une entreprise identifie ses principaux risques en mati\u00e8re de droits de l&rsquo;homme et prend les mesures n\u00e9cessaires pour pr\u00e9venir et att\u00e9nuer ces risques. Pour mener \u00e0 bien ce processus, il est n\u00e9cessaire de prendre en compte les pays d&rsquo;op\u00e9ration, les risques sp\u00e9cifiques au secteur et d&rsquo;analyser l&rsquo;ensemble de la cha\u00eene de valeur de l&rsquo;entreprise.<\/p>\n<p>Une fois ces risques identifi\u00e9s, un plan d&rsquo;action doit \u00eatre \u00e9labor\u00e9 pour les att\u00e9nuer. Il devrait comporter des indicateurs sp\u00e9cifiques pour faciliter la communication des informations.<\/p>\n<h3 style=\"padding-top: 10px; padding-bottom: 10px; color: #3a4781 !important;\">Phase 3. M\u00e9canismes internes et externes<\/h3>\n<p>La troisi\u00e8me phase promeut l&rsquo;inclusion de m\u00e9canismes de r\u00e9clamation pour l&rsquo;exercice de leurs droits.<\/p>\n<p>Les entreprises doivent donner la parole \u00e0 ceux dont les droits ont \u00e9t\u00e9 affect\u00e9s par les actions de l&rsquo;entit\u00e9. \u00c0 cette fin, des m\u00e9canismes doivent \u00eatre mis en place pour recevoir les plaintes et les r\u00e9clamations et pour y apporter des solutions.<\/p>\n","protected":false},"excerpt":{"rendered":"<p>Selon l&rsquo;approche du Pacte mondial, la politique d&rsquo;une entreprise en mati\u00e8re de droits de l&rsquo;homme comporte trois phases principales.<\/p>\n","protected":false},"author":1,"featured_media":31743,"comment_status":"open","ping_status":"open","sticky":false,"template":"","format":"standard","meta":{"_et_pb_use_builder":"","_et_pb_old_content":"","_et_gb_content_width":"","footnotes":""},"categories":[522,520,526,521,524,549],"tags":[814,580,813,634],"dipi_cpt_category":[],"class_list":["post-31921","post","type-post","status-publish","format-standard","has-post-thumbnail","hentry","category-agenda-2030","category-blog-fr","category-blog-accueil","category-droits-de-lhomme-et-entreprises","category-entreprises","category-le-developpement-durable-dans-les-entreprises","tag-comment-elaborer-votre-politique-en-matiere-de-droits-de-lhomme","tag-entreprises-et-droits-de-lhomme","tag-phases","tag-politique-des-droits-de-lhomme"],"yoast_head":"<!-- This site is optimized with the Yoast SEO plugin v27.4 - https:\/\/yoast.com\/product\/yoast-seo-wordpress\/ -->\n<title>3 \u00e9tapes cl\u00e9s pour la politique des droits de l&#039;homme de votre entreprise &#8211; Prop\u00f3s | Sostenibilidad, ESG, Branding y Comunicaci\u00f3n en Madrid, Barcelona y Ginebra<\/title>\n<meta name=\"description\" content=\"Selon l&#039;approche du Pacte mondial, la politique d&#039;une entreprise en mati\u00e8re de droits de l&#039;homme comporte trois phases principales.\" \/>\n<meta name=\"robots\" content=\"index, follow, max-snippet:-1, max-image-preview:large, max-video-preview:-1\" \/>\n<link rel=\"canonical\" href=\"https:\/\/wearepropos.es\/fr\/3-etapes-cles-pour-la-politique-des-droits-de-lhomme-de-votre-entreprise\/\" \/>\n<meta property=\"og:locale\" content=\"fr_FR\" \/>\n<meta property=\"og:type\" content=\"article\" \/>\n<meta property=\"og:title\" content=\"3 \u00e9tapes cl\u00e9s pour la politique des droits de l&#039;homme de votre entreprise &#8211; Prop\u00f3s | Sostenibilidad, ESG, Branding y Comunicaci\u00f3n en Madrid, Barcelona y Ginebra\" \/>\n<meta property=\"og:description\" content=\"Selon l&#039;approche du Pacte mondial, la politique d&#039;une entreprise en mati\u00e8re de droits de l&#039;homme comporte trois phases principales.\" \/>\n<meta property=\"og:url\" content=\"https:\/\/wearepropos.es\/fr\/3-etapes-cles-pour-la-politique-des-droits-de-lhomme-de-votre-entreprise\/\" \/>\n<meta property=\"og:site_name\" content=\"Prop\u00f3s | Sostenibilidad, ESG, Branding y Comunicaci\u00f3n en Madrid, Barcelona y Ginebra\" \/>\n<meta property=\"article:published_time\" content=\"2023-07-03T10:26:31+00:00\" \/>\n<meta property=\"article:modified_time\" content=\"2023-09-08T08:24:58+00:00\" \/>\n<meta property=\"og:image\" content=\"https:\/\/wearepropos.es\/wp-content\/uploads\/2023\/07\/manos-papel-1024x549.png\" \/>\n\t<meta property=\"og:image:width\" content=\"1024\" \/>\n\t<meta property=\"og:image:height\" content=\"549\" \/>\n\t<meta property=\"og:image:type\" content=\"image\/png\" \/>\n<meta name=\"author\" content=\"Mario Mart\u00ednez\" \/>\n<meta name=\"twitter:card\" content=\"summary_large_image\" \/>\n<meta name=\"twitter:label1\" content=\"\u00c9crit par\" \/>\n\t<meta name=\"twitter:data1\" content=\"Mario Mart\u00ednez\" \/>\n\t<meta name=\"twitter:label2\" content=\"Dur\u00e9e de lecture estim\u00e9e\" \/>\n\t<meta name=\"twitter:data2\" content=\"1 minute\" \/>\n<script type=\"application\/ld+json\" class=\"yoast-schema-graph\">{\"@context\":\"https:\\\/\\\/schema.org\",\"@graph\":[{\"@type\":[\"Article\",\"BlogPosting\"],\"@id\":\"https:\\\/\\\/wearepropos.es\\\/fr\\\/3-etapes-cles-pour-la-politique-des-droits-de-lhomme-de-votre-entreprise\\\/#article\",\"isPartOf\":{\"@id\":\"https:\\\/\\\/wearepropos.es\\\/fr\\\/3-etapes-cles-pour-la-politique-des-droits-de-lhomme-de-votre-entreprise\\\/\"},\"author\":{\"name\":\"Mario Mart\u00ednez\",\"@id\":\"https:\\\/\\\/wearepropos.es\\\/fr\\\/#\\\/schema\\\/person\\\/bad6c035108efde21ee7583f1bf80c08\"},\"headline\":\"3 \u00e9tapes cl\u00e9s pour la politique des droits de l&rsquo;homme de votre entreprise\",\"datePublished\":\"2023-07-03T10:26:31+00:00\",\"dateModified\":\"2023-09-08T08:24:58+00:00\",\"mainEntityOfPage\":{\"@id\":\"https:\\\/\\\/wearepropos.es\\\/fr\\\/3-etapes-cles-pour-la-politique-des-droits-de-lhomme-de-votre-entreprise\\\/\"},\"wordCount\":308,\"commentCount\":0,\"publisher\":{\"@id\":\"https:\\\/\\\/wearepropos.es\\\/fr\\\/#organization\"},\"image\":{\"@id\":\"https:\\\/\\\/wearepropos.es\\\/fr\\\/3-etapes-cles-pour-la-politique-des-droits-de-lhomme-de-votre-entreprise\\\/#primaryimage\"},\"thumbnailUrl\":\"https:\\\/\\\/wearepropos.es\\\/wp-content\\\/uploads\\\/2023\\\/07\\\/manos-papel.png\",\"keywords\":[\"comment \u00e9laborer votre politique en mati\u00e8re de droits de l'homme.\",\"Entreprises et droits de l'homme\",\"phases\",\"politique des droits de l'homme\"],\"articleSection\":[\"Agenda 2030\",\"Blog\",\"Blog, Accueil\",\"Droits de l'homme et entreprises\",\"Entreprises\",\"Le d\u00e9veloppement durable dans les entreprises\"],\"inLanguage\":\"fr-FR\"},{\"@type\":\"WebPage\",\"@id\":\"https:\\\/\\\/wearepropos.es\\\/fr\\\/3-etapes-cles-pour-la-politique-des-droits-de-lhomme-de-votre-entreprise\\\/\",\"url\":\"https:\\\/\\\/wearepropos.es\\\/fr\\\/3-etapes-cles-pour-la-politique-des-droits-de-lhomme-de-votre-entreprise\\\/\",\"name\":\"3 \u00e9tapes cl\u00e9s pour la politique des droits de l'homme de votre entreprise &#8211; Prop\u00f3s | Sostenibilidad, ESG, Branding y Comunicaci\u00f3n en Madrid, Barcelona y Ginebra\",\"isPartOf\":{\"@id\":\"https:\\\/\\\/wearepropos.es\\\/fr\\\/#website\"},\"primaryImageOfPage\":{\"@id\":\"https:\\\/\\\/wearepropos.es\\\/fr\\\/3-etapes-cles-pour-la-politique-des-droits-de-lhomme-de-votre-entreprise\\\/#primaryimage\"},\"image\":{\"@id\":\"https:\\\/\\\/wearepropos.es\\\/fr\\\/3-etapes-cles-pour-la-politique-des-droits-de-lhomme-de-votre-entreprise\\\/#primaryimage\"},\"thumbnailUrl\":\"https:\\\/\\\/wearepropos.es\\\/wp-content\\\/uploads\\\/2023\\\/07\\\/manos-papel.png\",\"datePublished\":\"2023-07-03T10:26:31+00:00\",\"dateModified\":\"2023-09-08T08:24:58+00:00\",\"description\":\"Selon l'approche du Pacte mondial, la politique d'une entreprise en mati\u00e8re de droits de l'homme comporte trois phases principales.\",\"breadcrumb\":{\"@id\":\"https:\\\/\\\/wearepropos.es\\\/fr\\\/3-etapes-cles-pour-la-politique-des-droits-de-lhomme-de-votre-entreprise\\\/#breadcrumb\"},\"inLanguage\":\"fr-FR\",\"potentialAction\":[{\"@type\":\"ReadAction\",\"target\":[\"https:\\\/\\\/wearepropos.es\\\/fr\\\/3-etapes-cles-pour-la-politique-des-droits-de-lhomme-de-votre-entreprise\\\/\"]}]},{\"@type\":\"ImageObject\",\"inLanguage\":\"fr-FR\",\"@id\":\"https:\\\/\\\/wearepropos.es\\\/fr\\\/3-etapes-cles-pour-la-politique-des-droits-de-lhomme-de-votre-entreprise\\\/#primaryimage\",\"url\":\"https:\\\/\\\/wearepropos.es\\\/wp-content\\\/uploads\\\/2023\\\/07\\\/manos-papel.png\",\"contentUrl\":\"https:\\\/\\\/wearepropos.es\\\/wp-content\\\/uploads\\\/2023\\\/07\\\/manos-papel.png\",\"width\":5118,\"height\":2742},{\"@type\":\"BreadcrumbList\",\"@id\":\"https:\\\/\\\/wearepropos.es\\\/fr\\\/3-etapes-cles-pour-la-politique-des-droits-de-lhomme-de-votre-entreprise\\\/#breadcrumb\",\"itemListElement\":[{\"@type\":\"ListItem\",\"position\":1,\"name\":\"Portada\",\"item\":\"https:\\\/\\\/wearepropos.es\\\/fr\\\/\"},{\"@type\":\"ListItem\",\"position\":2,\"name\":\"3 \u00e9tapes cl\u00e9s pour la politique des droits de l&#8217;homme de votre entreprise\"}]},{\"@type\":\"WebSite\",\"@id\":\"https:\\\/\\\/wearepropos.es\\\/fr\\\/#website\",\"url\":\"https:\\\/\\\/wearepropos.es\\\/fr\\\/\",\"name\":\"Prop\u00f3s | Sostenibilidad, ESG, Branding y Comunicaci\u00f3n en Madrid, Barcelona y Ginebra\",\"description\":\"Empresa y agencia consultora en Sostenibilidad, ESG, impacto social, informe no financiero, branding y dise\u00f1o en Madrid, Barcelona y Ginebra\",\"publisher\":{\"@id\":\"https:\\\/\\\/wearepropos.es\\\/fr\\\/#organization\"},\"potentialAction\":[{\"@type\":\"SearchAction\",\"target\":{\"@type\":\"EntryPoint\",\"urlTemplate\":\"https:\\\/\\\/wearepropos.es\\\/fr\\\/?s={search_term_string}\"},\"query-input\":{\"@type\":\"PropertyValueSpecification\",\"valueRequired\":true,\"valueName\":\"search_term_string\"}}],\"inLanguage\":\"fr-FR\"},{\"@type\":\"Organization\",\"@id\":\"https:\\\/\\\/wearepropos.es\\\/fr\\\/#organization\",\"name\":\"Prop\u00f3s\",\"url\":\"https:\\\/\\\/wearepropos.es\\\/fr\\\/\",\"logo\":{\"@type\":\"ImageObject\",\"inLanguage\":\"fr-FR\",\"@id\":\"https:\\\/\\\/wearepropos.es\\\/fr\\\/#\\\/schema\\\/logo\\\/image\\\/\",\"url\":\"http:\\\/\\\/wearepropos.es\\\/wp-content\\\/uploads\\\/2023\\\/04\\\/fondo-generalista.png\",\"contentUrl\":\"http:\\\/\\\/wearepropos.es\\\/wp-content\\\/uploads\\\/2023\\\/04\\\/fondo-generalista.png\",\"width\":1219,\"height\":649,\"caption\":\"Prop\u00f3s\"},\"image\":{\"@id\":\"https:\\\/\\\/wearepropos.es\\\/fr\\\/#\\\/schema\\\/logo\\\/image\\\/\"}},{\"@type\":\"Person\",\"@id\":\"https:\\\/\\\/wearepropos.es\\\/fr\\\/#\\\/schema\\\/person\\\/bad6c035108efde21ee7583f1bf80c08\",\"name\":\"Mario Mart\u00ednez\",\"image\":{\"@type\":\"ImageObject\",\"inLanguage\":\"fr-FR\",\"@id\":\"https:\\\/\\\/wearepropos.es\\\/wp-content\\\/litespeed\\\/avatar\\\/b89ec6db2c076020d428f2b77e5ece59.jpg?ver=1776958652\",\"url\":\"https:\\\/\\\/wearepropos.es\\\/wp-content\\\/litespeed\\\/avatar\\\/b89ec6db2c076020d428f2b77e5ece59.jpg?ver=1776958652\",\"contentUrl\":\"https:\\\/\\\/wearepropos.es\\\/wp-content\\\/litespeed\\\/avatar\\\/b89ec6db2c076020d428f2b77e5ece59.jpg?ver=1776958652\",\"caption\":\"Mario Mart\u00ednez\"},\"description\":\"Mario Mart\u00ednez es el fundador y director ejecutivo de Prop\u00f3s.\",\"sameAs\":[\"http:\\\/\\\/wearepropos.es\"]}]}<\/script>\n<!-- \/ Yoast SEO plugin. -->","yoast_head_json":{"title":"3 \u00e9tapes cl\u00e9s pour la politique des droits de l'homme de votre entreprise &#8211; Prop\u00f3s | Sostenibilidad, ESG, Branding y Comunicaci\u00f3n en Madrid, Barcelona y Ginebra","description":"Selon l'approche du Pacte mondial, la politique d'une entreprise en mati\u00e8re de droits de l'homme comporte trois phases principales.","robots":{"index":"index","follow":"follow","max-snippet":"max-snippet:-1","max-image-preview":"max-image-preview:large","max-video-preview":"max-video-preview:-1"},"canonical":"https:\/\/wearepropos.es\/fr\/3-etapes-cles-pour-la-politique-des-droits-de-lhomme-de-votre-entreprise\/","og_locale":"fr_FR","og_type":"article","og_title":"3 \u00e9tapes cl\u00e9s pour la politique des droits de l'homme de votre entreprise &#8211; Prop\u00f3s | Sostenibilidad, ESG, Branding y Comunicaci\u00f3n en Madrid, Barcelona y Ginebra","og_description":"Selon l'approche du Pacte mondial, la politique d'une entreprise en mati\u00e8re de droits de l'homme comporte trois phases principales.","og_url":"https:\/\/wearepropos.es\/fr\/3-etapes-cles-pour-la-politique-des-droits-de-lhomme-de-votre-entreprise\/","og_site_name":"Prop\u00f3s | Sostenibilidad, ESG, Branding y Comunicaci\u00f3n en Madrid, Barcelona y Ginebra","article_published_time":"2023-07-03T10:26:31+00:00","article_modified_time":"2023-09-08T08:24:58+00:00","og_image":[{"width":1024,"height":549,"url":"https:\/\/wearepropos.es\/wp-content\/uploads\/2023\/07\/manos-papel-1024x549.png","type":"image\/png"}],"author":"Mario Mart\u00ednez","twitter_card":"summary_large_image","twitter_misc":{"\u00c9crit par":"Mario Mart\u00ednez","Dur\u00e9e de lecture estim\u00e9e":"1 minute"},"schema":{"@context":"https:\/\/schema.org","@graph":[{"@type":["Article","BlogPosting"],"@id":"https:\/\/wearepropos.es\/fr\/3-etapes-cles-pour-la-politique-des-droits-de-lhomme-de-votre-entreprise\/#article","isPartOf":{"@id":"https:\/\/wearepropos.es\/fr\/3-etapes-cles-pour-la-politique-des-droits-de-lhomme-de-votre-entreprise\/"},"author":{"name":"Mario Mart\u00ednez","@id":"https:\/\/wearepropos.es\/fr\/#\/schema\/person\/bad6c035108efde21ee7583f1bf80c08"},"headline":"3 \u00e9tapes cl\u00e9s pour la politique des droits de l&rsquo;homme de votre entreprise","datePublished":"2023-07-03T10:26:31+00:00","dateModified":"2023-09-08T08:24:58+00:00","mainEntityOfPage":{"@id":"https:\/\/wearepropos.es\/fr\/3-etapes-cles-pour-la-politique-des-droits-de-lhomme-de-votre-entreprise\/"},"wordCount":308,"commentCount":0,"publisher":{"@id":"https:\/\/wearepropos.es\/fr\/#organization"},"image":{"@id":"https:\/\/wearepropos.es\/fr\/3-etapes-cles-pour-la-politique-des-droits-de-lhomme-de-votre-entreprise\/#primaryimage"},"thumbnailUrl":"https:\/\/wearepropos.es\/wp-content\/uploads\/2023\/07\/manos-papel.png","keywords":["comment \u00e9laborer votre politique en mati\u00e8re de droits de l'homme.","Entreprises et droits de l'homme","phases","politique des droits de l'homme"],"articleSection":["Agenda 2030","Blog","Blog, Accueil","Droits de l'homme et entreprises","Entreprises","Le d\u00e9veloppement durable dans les entreprises"],"inLanguage":"fr-FR"},{"@type":"WebPage","@id":"https:\/\/wearepropos.es\/fr\/3-etapes-cles-pour-la-politique-des-droits-de-lhomme-de-votre-entreprise\/","url":"https:\/\/wearepropos.es\/fr\/3-etapes-cles-pour-la-politique-des-droits-de-lhomme-de-votre-entreprise\/","name":"3 \u00e9tapes cl\u00e9s pour la politique des droits de l'homme de votre entreprise &#8211; Prop\u00f3s | Sostenibilidad, ESG, Branding y Comunicaci\u00f3n en Madrid, Barcelona y Ginebra","isPartOf":{"@id":"https:\/\/wearepropos.es\/fr\/#website"},"primaryImageOfPage":{"@id":"https:\/\/wearepropos.es\/fr\/3-etapes-cles-pour-la-politique-des-droits-de-lhomme-de-votre-entreprise\/#primaryimage"},"image":{"@id":"https:\/\/wearepropos.es\/fr\/3-etapes-cles-pour-la-politique-des-droits-de-lhomme-de-votre-entreprise\/#primaryimage"},"thumbnailUrl":"https:\/\/wearepropos.es\/wp-content\/uploads\/2023\/07\/manos-papel.png","datePublished":"2023-07-03T10:26:31+00:00","dateModified":"2023-09-08T08:24:58+00:00","description":"Selon l'approche du Pacte mondial, la politique d'une entreprise en mati\u00e8re de droits de l'homme comporte trois phases principales.","breadcrumb":{"@id":"https:\/\/wearepropos.es\/fr\/3-etapes-cles-pour-la-politique-des-droits-de-lhomme-de-votre-entreprise\/#breadcrumb"},"inLanguage":"fr-FR","potentialAction":[{"@type":"ReadAction","target":["https:\/\/wearepropos.es\/fr\/3-etapes-cles-pour-la-politique-des-droits-de-lhomme-de-votre-entreprise\/"]}]},{"@type":"ImageObject","inLanguage":"fr-FR","@id":"https:\/\/wearepropos.es\/fr\/3-etapes-cles-pour-la-politique-des-droits-de-lhomme-de-votre-entreprise\/#primaryimage","url":"https:\/\/wearepropos.es\/wp-content\/uploads\/2023\/07\/manos-papel.png","contentUrl":"https:\/\/wearepropos.es\/wp-content\/uploads\/2023\/07\/manos-papel.png","width":5118,"height":2742},{"@type":"BreadcrumbList","@id":"https:\/\/wearepropos.es\/fr\/3-etapes-cles-pour-la-politique-des-droits-de-lhomme-de-votre-entreprise\/#breadcrumb","itemListElement":[{"@type":"ListItem","position":1,"name":"Portada","item":"https:\/\/wearepropos.es\/fr\/"},{"@type":"ListItem","position":2,"name":"3 \u00e9tapes cl\u00e9s pour la politique des droits de l&#8217;homme de votre entreprise"}]},{"@type":"WebSite","@id":"https:\/\/wearepropos.es\/fr\/#website","url":"https:\/\/wearepropos.es\/fr\/","name":"Prop\u00f3s | Sostenibilidad, ESG, Branding y Comunicaci\u00f3n en Madrid, Barcelona y Ginebra","description":"Empresa y agencia consultora en Sostenibilidad, ESG, impacto social, informe no financiero, branding y dise\u00f1o en Madrid, Barcelona y Ginebra","publisher":{"@id":"https:\/\/wearepropos.es\/fr\/#organization"},"potentialAction":[{"@type":"SearchAction","target":{"@type":"EntryPoint","urlTemplate":"https:\/\/wearepropos.es\/fr\/?s={search_term_string}"},"query-input":{"@type":"PropertyValueSpecification","valueRequired":true,"valueName":"search_term_string"}}],"inLanguage":"fr-FR"},{"@type":"Organization","@id":"https:\/\/wearepropos.es\/fr\/#organization","name":"Prop\u00f3s","url":"https:\/\/wearepropos.es\/fr\/","logo":{"@type":"ImageObject","inLanguage":"fr-FR","@id":"https:\/\/wearepropos.es\/fr\/#\/schema\/logo\/image\/","url":"http:\/\/wearepropos.es\/wp-content\/uploads\/2023\/04\/fondo-generalista.png","contentUrl":"http:\/\/wearepropos.es\/wp-content\/uploads\/2023\/04\/fondo-generalista.png","width":1219,"height":649,"caption":"Prop\u00f3s"},"image":{"@id":"https:\/\/wearepropos.es\/fr\/#\/schema\/logo\/image\/"}},{"@type":"Person","@id":"https:\/\/wearepropos.es\/fr\/#\/schema\/person\/bad6c035108efde21ee7583f1bf80c08","name":"Mario Mart\u00ednez","image":{"@type":"ImageObject","inLanguage":"fr-FR","@id":"https:\/\/wearepropos.es\/wp-content\/litespeed\/avatar\/b89ec6db2c076020d428f2b77e5ece59.jpg?ver=1776958652","url":"https:\/\/wearepropos.es\/wp-content\/litespeed\/avatar\/b89ec6db2c076020d428f2b77e5ece59.jpg?ver=1776958652","contentUrl":"https:\/\/wearepropos.es\/wp-content\/litespeed\/avatar\/b89ec6db2c076020d428f2b77e5ece59.jpg?ver=1776958652","caption":"Mario Mart\u00ednez"},"description":"Mario Mart\u00ednez es el fundador y director ejecutivo de Prop\u00f3s.","sameAs":["http:\/\/wearepropos.es"]}]}},"_links":{"self":[{"href":"https:\/\/wearepropos.es\/fr\/wp-json\/wp\/v2\/posts\/31921","targetHints":{"allow":["GET"]}}],"collection":[{"href":"https:\/\/wearepropos.es\/fr\/wp-json\/wp\/v2\/posts"}],"about":[{"href":"https:\/\/wearepropos.es\/fr\/wp-json\/wp\/v2\/types\/post"}],"author":[{"embeddable":true,"href":"https:\/\/wearepropos.es\/fr\/wp-json\/wp\/v2\/users\/1"}],"replies":[{"embeddable":true,"href":"https:\/\/wearepropos.es\/fr\/wp-json\/wp\/v2\/comments?post=31921"}],"version-history":[{"count":1,"href":"https:\/\/wearepropos.es\/fr\/wp-json\/wp\/v2\/posts\/31921\/revisions"}],"predecessor-version":[{"id":37577,"href":"https:\/\/wearepropos.es\/fr\/wp-json\/wp\/v2\/posts\/31921\/revisions\/37577"}],"wp:featuredmedia":[{"embeddable":true,"href":"https:\/\/wearepropos.es\/fr\/wp-json\/wp\/v2\/media\/31743"}],"wp:attachment":[{"href":"https:\/\/wearepropos.es\/fr\/wp-json\/wp\/v2\/media?parent=31921"}],"wp:term":[{"taxonomy":"category","embeddable":true,"href":"https:\/\/wearepropos.es\/fr\/wp-json\/wp\/v2\/categories?post=31921"},{"taxonomy":"post_tag","embeddable":true,"href":"https:\/\/wearepropos.es\/fr\/wp-json\/wp\/v2\/tags?post=31921"},{"taxonomy":"dipi_cpt_category","embeddable":true,"href":"https:\/\/wearepropos.es\/fr\/wp-json\/wp\/v2\/dipi_cpt_category?post=31921"}],"curies":[{"name":"wp","href":"https:\/\/api.w.org\/{rel}","templated":true}]}}