{"id":31924,"date":"2023-06-19T12:13:05","date_gmt":"2023-06-19T10:13:05","guid":{"rendered":"http:\/\/wearepropos.es\/?p=31924"},"modified":"2023-09-08T10:33:42","modified_gmt":"2023-09-08T08:33:42","slug":"conseils-pour-planifier-executer-communiquer-et-rendre-compte-du-developpement-durable-dans-votre-entreprise","status":"publish","type":"post","link":"https:\/\/wearepropos.es\/fr\/conseils-pour-planifier-executer-communiquer-et-rendre-compte-du-developpement-durable-dans-votre-entreprise\/","title":{"rendered":"Conseils pour planifier, ex\u00e9cuter, communiquer et rendre compte du d\u00e9veloppement durable dans votre entreprise"},"content":{"rendered":"<h3 style=\"padding-top:10px; padding-bottom:10px; color:#3A4781 !important;\">Efforts d&rsquo;organisation<\/h3>\n<p>La phase de planification consiste \u00e0 d\u00e9finir un ensemble d&rsquo;ambitions (ou de r\u00e9alisations), d&rsquo;objectifs et de lignes d&rsquo;action \u00e0 atteindre dans le d\u00e9lai fix\u00e9 par la strat\u00e9gie.<\/p>\n<p>Il existe diff\u00e9rentes formules de planification dans le secteur des entreprises. Les entreprises qui formulent une strat\u00e9gie globale avec une port\u00e9e plus large et qui y r\u00e9pondent par des plans de d\u00e9veloppement durable pour des p\u00e9riodes plus courtes. Et les entreprises qui adoptent directement une planification \u00e0 plus long terme.<\/p>\n<p>Lors de la d\u00e9finition des objectifs et des cibles, il est important de travailler avec l&rsquo;analyse de mat\u00e9rialit\u00e9 et les cadres d&rsquo;action auxquels nous contribuerons ult\u00e9rieurement et d&rsquo;\u00eatre proche de la norme d&rsquo;\u00e9valuation \u00e0 laquelle nous soumettrons ult\u00e9rieurement notre strat\u00e9gie, telle que la GRI.<\/p>\n<p>Les objectifs de notre strat\u00e9gie doivent \u00eatre mesurables gr\u00e2ce \u00e0 des syst\u00e8mes d&rsquo;indicateurs. Certaines entreprises utilisent des syst\u00e8mes de gestion du d\u00e9veloppement durable avec des indicateurs convenus, d&rsquo;autres utilisent des syst\u00e8mes tels que SDG Compass, et d&rsquo;autres encore utilisent directement des syst\u00e8mes d&rsquo;\u00e9tablissement de rapports.<\/p>\n<h3 style=\"padding-top:10px; padding-bottom:10px; color:#3A4781 !important;\">Communiquer les progr\u00e8s<\/h3>\n<p>L&rsquo;un des avantages concurrentiels du d\u00e9veloppement durable est la valeur immat\u00e9rielle de la marque d&rsquo;une entreprise. Il est donc important de faire conna\u00eetre la durabilit\u00e9 aux parties prenantes et \u00e0 la soci\u00e9t\u00e9 par le biais d&rsquo;un plan de communication sur la durabilit\u00e9.<\/p>\n<p>Lors de l&rsquo;\u00e9laboration de votre plan de communication sur le d\u00e9veloppement durable, nous vous recommandons d&rsquo;utiliser et de consulter des approches de communication telles que le C4D (Communication pour le d\u00e9veloppement) de l&rsquo;UNESCO ou le programme intergouvernemental IFAP et ses principes de communication accessible et durable.<\/p>\n<p>Certaines entreprises ont cr\u00e9\u00e9 des sites web pour rendre compte et communiquer les progr\u00e8s r\u00e9alis\u00e9s en mati\u00e8re de d\u00e9veloppement durable.<\/p>\n<h3 style=\"padding-top:10px; padding-bottom:10px; color:#3A4781 !important;\">Aligner les contributions<\/h3>\n<p>De nombreuses politiques et strat\u00e9gies de durabilit\u00e9 indiquent le degr\u00e9 de contribution \u00e0 l&rsquo;Agenda 2030 et aux Objectifs de d\u00e9veloppement durable ; ainsi qu&rsquo;aux principes du Pacte mondial.<\/p>\n<p>Des outils tels que SDG Compass aident \u00e0 aligner les strat\u00e9gies d&rsquo;entreprise et de d\u00e9veloppement durable sur l&rsquo;Agenda 2030, les Objectifs de d\u00e9veloppement durable, leurs cibles et leurs indicateurs de mesure pour les entreprises.<\/p>\n<p>En fonction de votre domaine d&rsquo;action, vous pouvez \u00e9galement consulter l&#8217;emplacement des ODD qui ont \u00e9t\u00e9 \u00e9labor\u00e9s par des administrations publiques ou des organisations \u00e0 but non lucratif. Par exemple, \u00e0 La Rioja, la localisation des objectifs de d\u00e9veloppement durable est d\u00e9velopp\u00e9e au sein du minist\u00e8re r\u00e9gional de l&rsquo;\u00e9galit\u00e9, en collaboration avec l&rsquo;institut des statistiques de La Rioja.<\/p>\n","protected":false},"excerpt":{"rendered":"<p>Les efforts en mati\u00e8re de d\u00e9veloppement durable doivent \u00eatre communiqu\u00e9s. Les entreprises doivent rendre compte \u00e0 la soci\u00e9t\u00e9 de leurs progr\u00e8s et de ceux qu&rsquo;elles accomplissent pour devenir plus durables.<\/p>\n","protected":false},"author":4,"featured_media":31741,"comment_status":"closed","ping_status":"closed","sticky":false,"template":"","format":"standard","meta":{"_et_pb_use_builder":"","_et_pb_old_content":"","_et_gb_content_width":"","footnotes":""},"categories":[522,520,526,524,549],"tags":[826,529,822,824,818,617,571,575,630,820,817,653],"dipi_cpt_category":[],"class_list":["post-31924","post","type-post","status-publish","format-standard","has-post-thumbnail","hentry","category-agenda-2030","category-blog-fr","category-blog-accueil","category-entreprises","category-le-developpement-durable-dans-les-entreprises","tag-agence-specialisee-dans-la-communication-sur-le-developpement-durable","tag-agenda-2030-fr","tag-communication-durable","tag-communiquer-les-progres-realises","tag-communiquer-sur-le-developpement-durable","tag-criteres-esg","tag-durabilite","tag-entreprise","tag-gse","tag-plan-de-communication-sur-le-developpement-durable","tag-rapport-fr","tag-strategie-de-developpement-durable"],"yoast_head":"<!-- This site is optimized with the Yoast SEO plugin v27.4 - https:\/\/yoast.com\/product\/yoast-seo-wordpress\/ -->\n<title>Conseils pour planifier, ex\u00e9cuter, communiquer et rendre compte du d\u00e9veloppement durable dans votre entreprise &#8211; Prop\u00f3s | Sostenibilidad, ESG, Branding y Comunicaci\u00f3n en Madrid, Barcelona y Ginebra<\/title>\n<meta name=\"description\" content=\"Les efforts en mati\u00e8re de d\u00e9veloppement durable doivent \u00eatre communiqu\u00e9s. Les entreprises doivent rendre compte \u00e0 la soci\u00e9t\u00e9 de leurs progr\u00e8s et de ceux qu&#039;elles accomplissent pour devenir plus durables.\" \/>\n<meta name=\"robots\" content=\"index, follow, max-snippet:-1, max-image-preview:large, max-video-preview:-1\" \/>\n<link rel=\"canonical\" href=\"https:\/\/wearepropos.es\/fr\/conseils-pour-planifier-executer-communiquer-et-rendre-compte-du-developpement-durable-dans-votre-entreprise\/\" \/>\n<meta property=\"og:locale\" content=\"fr_FR\" \/>\n<meta property=\"og:type\" content=\"article\" \/>\n<meta property=\"og:title\" content=\"Conseils pour planifier, ex\u00e9cuter, communiquer et rendre compte du d\u00e9veloppement durable dans votre entreprise &#8211; Prop\u00f3s | Sostenibilidad, ESG, Branding y Comunicaci\u00f3n en Madrid, Barcelona y Ginebra\" \/>\n<meta property=\"og:description\" content=\"Les efforts en mati\u00e8re de d\u00e9veloppement durable doivent \u00eatre communiqu\u00e9s. Les entreprises doivent rendre compte \u00e0 la soci\u00e9t\u00e9 de leurs progr\u00e8s et de ceux qu&#039;elles accomplissent pour devenir plus durables.\" \/>\n<meta property=\"og:url\" content=\"https:\/\/wearepropos.es\/fr\/conseils-pour-planifier-executer-communiquer-et-rendre-compte-du-developpement-durable-dans-votre-entreprise\/\" \/>\n<meta property=\"og:site_name\" content=\"Prop\u00f3s | Sostenibilidad, ESG, Branding y Comunicaci\u00f3n en Madrid, Barcelona y Ginebra\" \/>\n<meta property=\"article:published_time\" content=\"2023-06-19T10:13:05+00:00\" \/>\n<meta property=\"article:modified_time\" content=\"2023-09-08T08:33:42+00:00\" \/>\n<meta property=\"og:image\" content=\"https:\/\/wearepropos.es\/wp-content\/uploads\/2023\/06\/plan-1024x549.png\" \/>\n\t<meta property=\"og:image:width\" content=\"1024\" \/>\n\t<meta property=\"og:image:height\" content=\"549\" \/>\n\t<meta property=\"og:image:type\" content=\"image\/png\" \/>\n<meta name=\"author\" content=\"Prop\u00f3s ESG, sostenibilidad e impacto social\" \/>\n<meta name=\"twitter:card\" content=\"summary_large_image\" \/>\n<meta name=\"twitter:label1\" content=\"\u00c9crit par\" \/>\n\t<meta name=\"twitter:data1\" content=\"Prop\u00f3s ESG, sostenibilidad e impacto social\" \/>\n\t<meta name=\"twitter:label2\" content=\"Dur\u00e9e de lecture estim\u00e9e\" \/>\n\t<meta name=\"twitter:data2\" content=\"2 minutes\" \/>\n<script type=\"application\/ld+json\" class=\"yoast-schema-graph\">{\"@context\":\"https:\\\/\\\/schema.org\",\"@graph\":[{\"@type\":[\"Article\",\"BlogPosting\"],\"@id\":\"https:\\\/\\\/wearepropos.es\\\/fr\\\/conseils-pour-planifier-executer-communiquer-et-rendre-compte-du-developpement-durable-dans-votre-entreprise\\\/#article\",\"isPartOf\":{\"@id\":\"https:\\\/\\\/wearepropos.es\\\/fr\\\/conseils-pour-planifier-executer-communiquer-et-rendre-compte-du-developpement-durable-dans-votre-entreprise\\\/\"},\"author\":{\"name\":\"Prop\u00f3s ESG, sostenibilidad e impacto social\",\"@id\":\"https:\\\/\\\/wearepropos.es\\\/fr\\\/#\\\/schema\\\/person\\\/445d67b6a1dcbdf0fb5332d58ccbeb21\"},\"headline\":\"Conseils pour planifier, ex\u00e9cuter, communiquer et rendre compte du d\u00e9veloppement durable dans votre entreprise\",\"datePublished\":\"2023-06-19T10:13:05+00:00\",\"dateModified\":\"2023-09-08T08:33:42+00:00\",\"mainEntityOfPage\":{\"@id\":\"https:\\\/\\\/wearepropos.es\\\/fr\\\/conseils-pour-planifier-executer-communiquer-et-rendre-compte-du-developpement-durable-dans-votre-entreprise\\\/\"},\"wordCount\":477,\"publisher\":{\"@id\":\"https:\\\/\\\/wearepropos.es\\\/fr\\\/#organization\"},\"image\":{\"@id\":\"https:\\\/\\\/wearepropos.es\\\/fr\\\/conseils-pour-planifier-executer-communiquer-et-rendre-compte-du-developpement-durable-dans-votre-entreprise\\\/#primaryimage\"},\"thumbnailUrl\":\"https:\\\/\\\/wearepropos.es\\\/wp-content\\\/uploads\\\/2023\\\/06\\\/plan.png\",\"keywords\":[\"agence sp\u00e9cialis\u00e9e dans la communication sur le d\u00e9veloppement durable\",\"Agenda 2030\",\"communication durable\",\"communiquer les progr\u00e8s r\u00e9alis\u00e9s\",\"communiquer sur le d\u00e9veloppement durable\",\"Crit\u00e8res ESG\",\"Durabilit\u00e9\",\"Entreprise\",\"GSE\",\"plan de communication sur le d\u00e9veloppement durable\",\"rapport\",\"strat\u00e9gie de d\u00e9veloppement durable\"],\"articleSection\":[\"Agenda 2030\",\"Blog\",\"Blog, Accueil\",\"Entreprises\",\"Le d\u00e9veloppement durable dans les entreprises\"],\"inLanguage\":\"fr-FR\"},{\"@type\":\"WebPage\",\"@id\":\"https:\\\/\\\/wearepropos.es\\\/fr\\\/conseils-pour-planifier-executer-communiquer-et-rendre-compte-du-developpement-durable-dans-votre-entreprise\\\/\",\"url\":\"https:\\\/\\\/wearepropos.es\\\/fr\\\/conseils-pour-planifier-executer-communiquer-et-rendre-compte-du-developpement-durable-dans-votre-entreprise\\\/\",\"name\":\"Conseils pour planifier, ex\u00e9cuter, communiquer et rendre compte du d\u00e9veloppement durable dans votre entreprise &#8211; Prop\u00f3s | Sostenibilidad, ESG, Branding y Comunicaci\u00f3n en Madrid, Barcelona y Ginebra\",\"isPartOf\":{\"@id\":\"https:\\\/\\\/wearepropos.es\\\/fr\\\/#website\"},\"primaryImageOfPage\":{\"@id\":\"https:\\\/\\\/wearepropos.es\\\/fr\\\/conseils-pour-planifier-executer-communiquer-et-rendre-compte-du-developpement-durable-dans-votre-entreprise\\\/#primaryimage\"},\"image\":{\"@id\":\"https:\\\/\\\/wearepropos.es\\\/fr\\\/conseils-pour-planifier-executer-communiquer-et-rendre-compte-du-developpement-durable-dans-votre-entreprise\\\/#primaryimage\"},\"thumbnailUrl\":\"https:\\\/\\\/wearepropos.es\\\/wp-content\\\/uploads\\\/2023\\\/06\\\/plan.png\",\"datePublished\":\"2023-06-19T10:13:05+00:00\",\"dateModified\":\"2023-09-08T08:33:42+00:00\",\"description\":\"Les efforts en mati\u00e8re de d\u00e9veloppement durable doivent \u00eatre communiqu\u00e9s. Les entreprises doivent rendre compte \u00e0 la soci\u00e9t\u00e9 de leurs progr\u00e8s et de ceux qu'elles accomplissent pour devenir plus durables.\",\"breadcrumb\":{\"@id\":\"https:\\\/\\\/wearepropos.es\\\/fr\\\/conseils-pour-planifier-executer-communiquer-et-rendre-compte-du-developpement-durable-dans-votre-entreprise\\\/#breadcrumb\"},\"inLanguage\":\"fr-FR\",\"potentialAction\":[{\"@type\":\"ReadAction\",\"target\":[\"https:\\\/\\\/wearepropos.es\\\/fr\\\/conseils-pour-planifier-executer-communiquer-et-rendre-compte-du-developpement-durable-dans-votre-entreprise\\\/\"]}]},{\"@type\":\"ImageObject\",\"inLanguage\":\"fr-FR\",\"@id\":\"https:\\\/\\\/wearepropos.es\\\/fr\\\/conseils-pour-planifier-executer-communiquer-et-rendre-compte-du-developpement-durable-dans-votre-entreprise\\\/#primaryimage\",\"url\":\"https:\\\/\\\/wearepropos.es\\\/wp-content\\\/uploads\\\/2023\\\/06\\\/plan.png\",\"contentUrl\":\"https:\\\/\\\/wearepropos.es\\\/wp-content\\\/uploads\\\/2023\\\/06\\\/plan.png\",\"width\":5117,\"height\":2743},{\"@type\":\"BreadcrumbList\",\"@id\":\"https:\\\/\\\/wearepropos.es\\\/fr\\\/conseils-pour-planifier-executer-communiquer-et-rendre-compte-du-developpement-durable-dans-votre-entreprise\\\/#breadcrumb\",\"itemListElement\":[{\"@type\":\"ListItem\",\"position\":1,\"name\":\"Portada\",\"item\":\"https:\\\/\\\/wearepropos.es\\\/fr\\\/\"},{\"@type\":\"ListItem\",\"position\":2,\"name\":\"Conseils pour planifier, ex\u00e9cuter, communiquer et rendre compte du d\u00e9veloppement durable dans votre entreprise\"}]},{\"@type\":\"WebSite\",\"@id\":\"https:\\\/\\\/wearepropos.es\\\/fr\\\/#website\",\"url\":\"https:\\\/\\\/wearepropos.es\\\/fr\\\/\",\"name\":\"Prop\u00f3s | Sostenibilidad, ESG, Branding y Comunicaci\u00f3n en Madrid, Barcelona y Ginebra\",\"description\":\"Empresa y agencia consultora en Sostenibilidad, ESG, impacto social, informe no financiero, branding y dise\u00f1o en Madrid, Barcelona y Ginebra\",\"publisher\":{\"@id\":\"https:\\\/\\\/wearepropos.es\\\/fr\\\/#organization\"},\"potentialAction\":[{\"@type\":\"SearchAction\",\"target\":{\"@type\":\"EntryPoint\",\"urlTemplate\":\"https:\\\/\\\/wearepropos.es\\\/fr\\\/?s={search_term_string}\"},\"query-input\":{\"@type\":\"PropertyValueSpecification\",\"valueRequired\":true,\"valueName\":\"search_term_string\"}}],\"inLanguage\":\"fr-FR\"},{\"@type\":\"Organization\",\"@id\":\"https:\\\/\\\/wearepropos.es\\\/fr\\\/#organization\",\"name\":\"Prop\u00f3s\",\"url\":\"https:\\\/\\\/wearepropos.es\\\/fr\\\/\",\"logo\":{\"@type\":\"ImageObject\",\"inLanguage\":\"fr-FR\",\"@id\":\"https:\\\/\\\/wearepropos.es\\\/fr\\\/#\\\/schema\\\/logo\\\/image\\\/\",\"url\":\"http:\\\/\\\/wearepropos.es\\\/wp-content\\\/uploads\\\/2023\\\/04\\\/fondo-generalista.png\",\"contentUrl\":\"http:\\\/\\\/wearepropos.es\\\/wp-content\\\/uploads\\\/2023\\\/04\\\/fondo-generalista.png\",\"width\":1219,\"height\":649,\"caption\":\"Prop\u00f3s\"},\"image\":{\"@id\":\"https:\\\/\\\/wearepropos.es\\\/fr\\\/#\\\/schema\\\/logo\\\/image\\\/\"}},{\"@type\":\"Person\",\"@id\":\"https:\\\/\\\/wearepropos.es\\\/fr\\\/#\\\/schema\\\/person\\\/445d67b6a1dcbdf0fb5332d58ccbeb21\",\"name\":\"Prop\u00f3s ESG, sostenibilidad e impacto social\",\"image\":{\"@type\":\"ImageObject\",\"inLanguage\":\"fr-FR\",\"@id\":\"https:\\\/\\\/wearepropos.es\\\/wp-content\\\/litespeed\\\/avatar\\\/81ea4cc1840341d3817e1c13f490c69e.jpg?ver=1776866280\",\"url\":\"https:\\\/\\\/wearepropos.es\\\/wp-content\\\/litespeed\\\/avatar\\\/81ea4cc1840341d3817e1c13f490c69e.jpg?ver=1776866280\",\"contentUrl\":\"https:\\\/\\\/wearepropos.es\\\/wp-content\\\/litespeed\\\/avatar\\\/81ea4cc1840341d3817e1c13f490c69e.jpg?ver=1776866280\",\"caption\":\"Prop\u00f3s ESG, sostenibilidad e impacto social\"},\"sameAs\":[\"http:\\\/\\\/wearepropos.es\"]}]}<\/script>\n<!-- \/ Yoast SEO plugin. -->","yoast_head_json":{"title":"Conseils pour planifier, ex\u00e9cuter, communiquer et rendre compte du d\u00e9veloppement durable dans votre entreprise &#8211; Prop\u00f3s | Sostenibilidad, ESG, Branding y Comunicaci\u00f3n en Madrid, Barcelona y Ginebra","description":"Les efforts en mati\u00e8re de d\u00e9veloppement durable doivent \u00eatre communiqu\u00e9s. Les entreprises doivent rendre compte \u00e0 la soci\u00e9t\u00e9 de leurs progr\u00e8s et de ceux qu'elles accomplissent pour devenir plus durables.","robots":{"index":"index","follow":"follow","max-snippet":"max-snippet:-1","max-image-preview":"max-image-preview:large","max-video-preview":"max-video-preview:-1"},"canonical":"https:\/\/wearepropos.es\/fr\/conseils-pour-planifier-executer-communiquer-et-rendre-compte-du-developpement-durable-dans-votre-entreprise\/","og_locale":"fr_FR","og_type":"article","og_title":"Conseils pour planifier, ex\u00e9cuter, communiquer et rendre compte du d\u00e9veloppement durable dans votre entreprise &#8211; Prop\u00f3s | Sostenibilidad, ESG, Branding y Comunicaci\u00f3n en Madrid, Barcelona y Ginebra","og_description":"Les efforts en mati\u00e8re de d\u00e9veloppement durable doivent \u00eatre communiqu\u00e9s. Les entreprises doivent rendre compte \u00e0 la soci\u00e9t\u00e9 de leurs progr\u00e8s et de ceux qu'elles accomplissent pour devenir plus durables.","og_url":"https:\/\/wearepropos.es\/fr\/conseils-pour-planifier-executer-communiquer-et-rendre-compte-du-developpement-durable-dans-votre-entreprise\/","og_site_name":"Prop\u00f3s | Sostenibilidad, ESG, Branding y Comunicaci\u00f3n en Madrid, Barcelona y Ginebra","article_published_time":"2023-06-19T10:13:05+00:00","article_modified_time":"2023-09-08T08:33:42+00:00","og_image":[{"width":1024,"height":549,"url":"https:\/\/wearepropos.es\/wp-content\/uploads\/2023\/06\/plan-1024x549.png","type":"image\/png"}],"author":"Prop\u00f3s ESG, sostenibilidad e impacto social","twitter_card":"summary_large_image","twitter_misc":{"\u00c9crit par":"Prop\u00f3s ESG, sostenibilidad e impacto social","Dur\u00e9e de lecture estim\u00e9e":"2 minutes"},"schema":{"@context":"https:\/\/schema.org","@graph":[{"@type":["Article","BlogPosting"],"@id":"https:\/\/wearepropos.es\/fr\/conseils-pour-planifier-executer-communiquer-et-rendre-compte-du-developpement-durable-dans-votre-entreprise\/#article","isPartOf":{"@id":"https:\/\/wearepropos.es\/fr\/conseils-pour-planifier-executer-communiquer-et-rendre-compte-du-developpement-durable-dans-votre-entreprise\/"},"author":{"name":"Prop\u00f3s ESG, sostenibilidad e impacto social","@id":"https:\/\/wearepropos.es\/fr\/#\/schema\/person\/445d67b6a1dcbdf0fb5332d58ccbeb21"},"headline":"Conseils pour planifier, ex\u00e9cuter, communiquer et rendre compte du d\u00e9veloppement durable dans votre entreprise","datePublished":"2023-06-19T10:13:05+00:00","dateModified":"2023-09-08T08:33:42+00:00","mainEntityOfPage":{"@id":"https:\/\/wearepropos.es\/fr\/conseils-pour-planifier-executer-communiquer-et-rendre-compte-du-developpement-durable-dans-votre-entreprise\/"},"wordCount":477,"publisher":{"@id":"https:\/\/wearepropos.es\/fr\/#organization"},"image":{"@id":"https:\/\/wearepropos.es\/fr\/conseils-pour-planifier-executer-communiquer-et-rendre-compte-du-developpement-durable-dans-votre-entreprise\/#primaryimage"},"thumbnailUrl":"https:\/\/wearepropos.es\/wp-content\/uploads\/2023\/06\/plan.png","keywords":["agence sp\u00e9cialis\u00e9e dans la communication sur le d\u00e9veloppement durable","Agenda 2030","communication durable","communiquer les progr\u00e8s r\u00e9alis\u00e9s","communiquer sur le d\u00e9veloppement durable","Crit\u00e8res ESG","Durabilit\u00e9","Entreprise","GSE","plan de communication sur le d\u00e9veloppement durable","rapport","strat\u00e9gie de d\u00e9veloppement durable"],"articleSection":["Agenda 2030","Blog","Blog, Accueil","Entreprises","Le d\u00e9veloppement durable dans les entreprises"],"inLanguage":"fr-FR"},{"@type":"WebPage","@id":"https:\/\/wearepropos.es\/fr\/conseils-pour-planifier-executer-communiquer-et-rendre-compte-du-developpement-durable-dans-votre-entreprise\/","url":"https:\/\/wearepropos.es\/fr\/conseils-pour-planifier-executer-communiquer-et-rendre-compte-du-developpement-durable-dans-votre-entreprise\/","name":"Conseils pour planifier, ex\u00e9cuter, communiquer et rendre compte du d\u00e9veloppement durable dans votre entreprise &#8211; Prop\u00f3s | Sostenibilidad, ESG, Branding y Comunicaci\u00f3n en Madrid, Barcelona y Ginebra","isPartOf":{"@id":"https:\/\/wearepropos.es\/fr\/#website"},"primaryImageOfPage":{"@id":"https:\/\/wearepropos.es\/fr\/conseils-pour-planifier-executer-communiquer-et-rendre-compte-du-developpement-durable-dans-votre-entreprise\/#primaryimage"},"image":{"@id":"https:\/\/wearepropos.es\/fr\/conseils-pour-planifier-executer-communiquer-et-rendre-compte-du-developpement-durable-dans-votre-entreprise\/#primaryimage"},"thumbnailUrl":"https:\/\/wearepropos.es\/wp-content\/uploads\/2023\/06\/plan.png","datePublished":"2023-06-19T10:13:05+00:00","dateModified":"2023-09-08T08:33:42+00:00","description":"Les efforts en mati\u00e8re de d\u00e9veloppement durable doivent \u00eatre communiqu\u00e9s. Les entreprises doivent rendre compte \u00e0 la soci\u00e9t\u00e9 de leurs progr\u00e8s et de ceux qu'elles accomplissent pour devenir plus durables.","breadcrumb":{"@id":"https:\/\/wearepropos.es\/fr\/conseils-pour-planifier-executer-communiquer-et-rendre-compte-du-developpement-durable-dans-votre-entreprise\/#breadcrumb"},"inLanguage":"fr-FR","potentialAction":[{"@type":"ReadAction","target":["https:\/\/wearepropos.es\/fr\/conseils-pour-planifier-executer-communiquer-et-rendre-compte-du-developpement-durable-dans-votre-entreprise\/"]}]},{"@type":"ImageObject","inLanguage":"fr-FR","@id":"https:\/\/wearepropos.es\/fr\/conseils-pour-planifier-executer-communiquer-et-rendre-compte-du-developpement-durable-dans-votre-entreprise\/#primaryimage","url":"https:\/\/wearepropos.es\/wp-content\/uploads\/2023\/06\/plan.png","contentUrl":"https:\/\/wearepropos.es\/wp-content\/uploads\/2023\/06\/plan.png","width":5117,"height":2743},{"@type":"BreadcrumbList","@id":"https:\/\/wearepropos.es\/fr\/conseils-pour-planifier-executer-communiquer-et-rendre-compte-du-developpement-durable-dans-votre-entreprise\/#breadcrumb","itemListElement":[{"@type":"ListItem","position":1,"name":"Portada","item":"https:\/\/wearepropos.es\/fr\/"},{"@type":"ListItem","position":2,"name":"Conseils pour planifier, ex\u00e9cuter, communiquer et rendre compte du d\u00e9veloppement durable dans votre entreprise"}]},{"@type":"WebSite","@id":"https:\/\/wearepropos.es\/fr\/#website","url":"https:\/\/wearepropos.es\/fr\/","name":"Prop\u00f3s | Sostenibilidad, ESG, Branding y Comunicaci\u00f3n en Madrid, Barcelona y Ginebra","description":"Empresa y agencia consultora en Sostenibilidad, ESG, impacto social, informe no financiero, branding y dise\u00f1o en Madrid, Barcelona y Ginebra","publisher":{"@id":"https:\/\/wearepropos.es\/fr\/#organization"},"potentialAction":[{"@type":"SearchAction","target":{"@type":"EntryPoint","urlTemplate":"https:\/\/wearepropos.es\/fr\/?s={search_term_string}"},"query-input":{"@type":"PropertyValueSpecification","valueRequired":true,"valueName":"search_term_string"}}],"inLanguage":"fr-FR"},{"@type":"Organization","@id":"https:\/\/wearepropos.es\/fr\/#organization","name":"Prop\u00f3s","url":"https:\/\/wearepropos.es\/fr\/","logo":{"@type":"ImageObject","inLanguage":"fr-FR","@id":"https:\/\/wearepropos.es\/fr\/#\/schema\/logo\/image\/","url":"http:\/\/wearepropos.es\/wp-content\/uploads\/2023\/04\/fondo-generalista.png","contentUrl":"http:\/\/wearepropos.es\/wp-content\/uploads\/2023\/04\/fondo-generalista.png","width":1219,"height":649,"caption":"Prop\u00f3s"},"image":{"@id":"https:\/\/wearepropos.es\/fr\/#\/schema\/logo\/image\/"}},{"@type":"Person","@id":"https:\/\/wearepropos.es\/fr\/#\/schema\/person\/445d67b6a1dcbdf0fb5332d58ccbeb21","name":"Prop\u00f3s ESG, sostenibilidad e impacto social","image":{"@type":"ImageObject","inLanguage":"fr-FR","@id":"https:\/\/wearepropos.es\/wp-content\/litespeed\/avatar\/81ea4cc1840341d3817e1c13f490c69e.jpg?ver=1776866280","url":"https:\/\/wearepropos.es\/wp-content\/litespeed\/avatar\/81ea4cc1840341d3817e1c13f490c69e.jpg?ver=1776866280","contentUrl":"https:\/\/wearepropos.es\/wp-content\/litespeed\/avatar\/81ea4cc1840341d3817e1c13f490c69e.jpg?ver=1776866280","caption":"Prop\u00f3s ESG, sostenibilidad e impacto social"},"sameAs":["http:\/\/wearepropos.es"]}]}},"_links":{"self":[{"href":"https:\/\/wearepropos.es\/fr\/wp-json\/wp\/v2\/posts\/31924","targetHints":{"allow":["GET"]}}],"collection":[{"href":"https:\/\/wearepropos.es\/fr\/wp-json\/wp\/v2\/posts"}],"about":[{"href":"https:\/\/wearepropos.es\/fr\/wp-json\/wp\/v2\/types\/post"}],"author":[{"embeddable":true,"href":"https:\/\/wearepropos.es\/fr\/wp-json\/wp\/v2\/users\/4"}],"replies":[{"embeddable":true,"href":"https:\/\/wearepropos.es\/fr\/wp-json\/wp\/v2\/comments?post=31924"}],"version-history":[{"count":1,"href":"https:\/\/wearepropos.es\/fr\/wp-json\/wp\/v2\/posts\/31924\/revisions"}],"predecessor-version":[{"id":37578,"href":"https:\/\/wearepropos.es\/fr\/wp-json\/wp\/v2\/posts\/31924\/revisions\/37578"}],"wp:featuredmedia":[{"embeddable":true,"href":"https:\/\/wearepropos.es\/fr\/wp-json\/wp\/v2\/media\/31741"}],"wp:attachment":[{"href":"https:\/\/wearepropos.es\/fr\/wp-json\/wp\/v2\/media?parent=31924"}],"wp:term":[{"taxonomy":"category","embeddable":true,"href":"https:\/\/wearepropos.es\/fr\/wp-json\/wp\/v2\/categories?post=31924"},{"taxonomy":"post_tag","embeddable":true,"href":"https:\/\/wearepropos.es\/fr\/wp-json\/wp\/v2\/tags?post=31924"},{"taxonomy":"dipi_cpt_category","embeddable":true,"href":"https:\/\/wearepropos.es\/fr\/wp-json\/wp\/v2\/dipi_cpt_category?post=31924"}],"curies":[{"name":"wp","href":"https:\/\/api.w.org\/{rel}","templated":true}]}}