{"id":31926,"date":"2023-05-01T09:36:00","date_gmt":"2023-05-01T07:36:00","guid":{"rendered":"http:\/\/wearepropos.es\/?p=31926"},"modified":"2023-05-01T09:36:00","modified_gmt":"2023-05-01T08:36:00","slug":"le-calendrier-de-la-durabilite","status":"publish","type":"post","link":"https:\/\/wearepropos.es\/fr\/le-calendrier-de-la-durabilite\/","title":{"rendered":"Le calendrier de la durabilit\u00e9"},"content":{"rendered":"<p>Voici les principales \u00e9tapes r\u00e9glementaires promues par les organisations internationales, l&rsquo;Union europ\u00e9enne et l&rsquo;Espagne.<\/p>\n<p>1987.  <a class=\"enlace\" title=\"Protocole de Montr\u00e9al.\" href=\"https:\/\/eur-lex.europa.eu\/legal-content\/ES\/TXT\/HTML\/?uri=LEGISSUM:4413653\">Protocole de Montr\u00e9al.<\/a><br \/>\n1997.  <a class=\"enlace\" title=\"Protocole de Kyoto.\" href=\"https:\/\/www.miteco.gob.es\/es\/cambio-climatico\/temas\/el-proceso-internacional-de-lucha-contra-el-cambio-climatico\/naciones-unidas\/protocolo-kioto.aspx\">Protocole de Kyoto.<\/a><br \/>\n1997.  <a class=\"enlace\" title=\"Normes d'information sur le d\u00e9veloppement durable de la GRI.\" href=\"https:\/\/www.globalreporting.org\/how-to-use-the-gri-standards\/gri-standards-spanish-translations\/\">Normes d&rsquo;information sur le d\u00e9veloppement durable de la GRI.<\/a><br \/>\n2003.  <a class=\"enlace\" href=\"https:\/\/firstforsustainability.org\/es\/sustainability\/external-initiatives\/sustainability-frameworks\/equator-principles\/\">Principes de l&rsquo;\u00c9quateur.<\/a><br \/>\n2005.  <a class=\"enlace\" title=\"Principes pour l'investissement responsable (PRI).\" href=\"https:\/\/www.unpri.org\/download?ac=10970\">Principes pour l&rsquo;investissement responsable (PRI).<\/a><br \/>\n2011.  <a class=\"enlace\" href=\"https:\/\/www.sasb.org\/\">Normes d&rsquo;information de la SASB.<\/a><br \/>\n2013.  <a class=\"enlace\" title=\"Cadre de reporting int\u00e9gr\u00e9.\" href=\"https:\/\/www.integratedreporting.org\/resource\/international-ir-framework\/\">Cadre de reporting int\u00e9gr\u00e9.<\/a><br \/>\n2014.  <a class=\"enlace\" href=\"https:\/\/eur-lex.europa.eu\/legal-content\/ES\/TXT\/HTML\/?uri=LEGISSUM:240601_2\">Directive europ\u00e9enne sur les informations non financi\u00e8res.<\/a><br \/>\n2015.  <a class=\"enlace\" href=\"https:\/\/www.un.org\/sustainabledevelopment\/es\/objetivos-de-%20desarrollo-sostenible\/\">Objectifs de d\u00e9veloppement durable.<\/a><br \/>\n2015.  <a class=\"enlace\" title=\"Accord de Paris.\" href=\"https:\/\/unfccc.int\/es\/process-and-meetings\/the-paris-agreement\/el-acuerdo-de-paris\">Accord de Paris.<\/a><br \/>\n2017.  <a class=\"enlace\" href=\"https:\/\/willistowerswatsonupdate.es\/riesgos-corporativos-y-directivos\/recomendaciones-tcfd\/\">Recommandations de la TCFD.<\/a><br \/>\n2020. <a class=\"enlace\" href=\"https:\/\/www.ifrs.org\/projects\/completed-projects\/2021\/sustainability-reporting\/\">CP pour les rapports sur le d\u00e9veloppement durable<\/a>.<br \/>\n2020.  <a class=\"enlace\" href=\"https:\/\/ec.europa.eu\/commission\/presscorner\/detail\/es\/ip_22_711\">Taxonomie europ\u00e9enne des activit\u00e9s durables.<\/a><\/p>\n","protected":false},"excerpt":{"rendered":"<p>Depuis 1987, les organisations internationales et transnationales ont \u00e9tabli un calendrier jalonn\u00e9 d&rsquo;\u00e9tapes et de progr\u00e8s vers la durabilit\u00e9.<\/p>\n","protected":false},"author":4,"featured_media":35263,"comment_status":"closed","ping_status":"closed","sticky":false,"template":"","format":"standard","meta":{"_et_pb_use_builder":"on","_et_pb_old_content":"","_et_gb_content_width":"","footnotes":""},"categories":[520,526,521,549],"tags":[571,575,827],"dipi_cpt_category":[],"class_list":["post-31926","post","type-post","status-publish","format-standard","has-post-thumbnail","hentry","category-blog-fr","category-blog-accueil","category-droits-de-lhomme-et-entreprises","category-le-developpement-durable-dans-les-entreprises","tag-durabilite","tag-entreprise","tag-evolution-de-la-durabilite"],"yoast_head":"<!-- This site is optimized with the Yoast SEO plugin v27.5 - https:\/\/yoast.com\/product\/yoast-seo-wordpress\/ -->\n<title>Le calendrier de la durabilit\u00e9 &#8211; Prop\u00f3s | Sostenibilidad, ESG, Branding y Comunicaci\u00f3n en Madrid, Barcelona y Ginebra<\/title>\n<meta name=\"description\" content=\"Depuis 1987, les organisations internationales et transnationales ont \u00e9tabli un calendrier jalonn\u00e9 d&#039;\u00e9tapes et de progr\u00e8s vers la durabilit\u00e9.\" \/>\n<meta name=\"robots\" content=\"index, follow, max-snippet:-1, max-image-preview:large, max-video-preview:-1\" \/>\n<link rel=\"canonical\" href=\"https:\/\/wearepropos.es\/fr\/le-calendrier-de-la-durabilite\/\" \/>\n<meta property=\"og:locale\" content=\"fr_FR\" \/>\n<meta property=\"og:type\" content=\"article\" \/>\n<meta property=\"og:title\" content=\"Le calendrier de la durabilit\u00e9 &#8211; Prop\u00f3s | Sostenibilidad, ESG, Branding y Comunicaci\u00f3n en Madrid, Barcelona y Ginebra\" \/>\n<meta property=\"og:description\" content=\"Depuis 1987, les organisations internationales et transnationales ont \u00e9tabli un calendrier jalonn\u00e9 d&#039;\u00e9tapes et de progr\u00e8s vers la durabilit\u00e9.\" \/>\n<meta property=\"og:url\" content=\"https:\/\/wearepropos.es\/fr\/le-calendrier-de-la-durabilite\/\" \/>\n<meta property=\"og:site_name\" content=\"Prop\u00f3s | Sostenibilidad, ESG, Branding y Comunicaci\u00f3n en Madrid, Barcelona y Ginebra\" \/>\n<meta property=\"article:published_time\" content=\"2023-05-01T07:36:00+00:00\" \/>\n<meta property=\"article:modified_time\" content=\"2023-05-01T08:36:00+00:00\" \/>\n<meta property=\"og:image\" content=\"https:\/\/wearepropos.es\/wp-content\/uploads\/2023\/05\/gettyimages-1294867206-612x612-1.jpg\" \/>\n\t<meta property=\"og:image:width\" content=\"612\" \/>\n\t<meta property=\"og:image:height\" content=\"408\" \/>\n\t<meta property=\"og:image:type\" content=\"image\/jpeg\" \/>\n<meta name=\"author\" content=\"Prop\u00f3s ESG, sostenibilidad e impacto social\" \/>\n<meta name=\"twitter:card\" content=\"summary_large_image\" \/>\n<meta name=\"twitter:label1\" content=\"\u00c9crit par\" \/>\n\t<meta name=\"twitter:data1\" content=\"Prop\u00f3s ESG, sostenibilidad e impacto social\" \/>\n<script type=\"application\/ld+json\" class=\"yoast-schema-graph\">{\"@context\":\"https:\\\/\\\/schema.org\",\"@graph\":[{\"@type\":[\"Article\",\"BlogPosting\"],\"@id\":\"https:\\\/\\\/wearepropos.es\\\/fr\\\/le-calendrier-de-la-durabilite\\\/#article\",\"isPartOf\":{\"@id\":\"https:\\\/\\\/wearepropos.es\\\/fr\\\/le-calendrier-de-la-durabilite\\\/\"},\"author\":{\"name\":\"Prop\u00f3s ESG, sostenibilidad e impacto social\",\"@id\":\"https:\\\/\\\/wearepropos.es\\\/fr\\\/#\\\/schema\\\/person\\\/445d67b6a1dcbdf0fb5332d58ccbeb21\"},\"headline\":\"Le calendrier de la durabilit\u00e9\",\"datePublished\":\"2023-05-01T07:36:00+00:00\",\"dateModified\":\"2023-05-01T08:36:00+00:00\",\"mainEntityOfPage\":{\"@id\":\"https:\\\/\\\/wearepropos.es\\\/fr\\\/le-calendrier-de-la-durabilite\\\/\"},\"wordCount\":99,\"publisher\":{\"@id\":\"https:\\\/\\\/wearepropos.es\\\/fr\\\/#organization\"},\"image\":{\"@id\":\"https:\\\/\\\/wearepropos.es\\\/fr\\\/le-calendrier-de-la-durabilite\\\/#primaryimage\"},\"thumbnailUrl\":\"https:\\\/\\\/wearepropos.es\\\/wp-content\\\/uploads\\\/2023\\\/05\\\/gettyimages-1294867206-612x612-1.jpg\",\"keywords\":[\"Durabilit\u00e9\",\"Entreprise\",\"\u00c9volution de la durabilit\u00e9\"],\"articleSection\":[\"Blog\",\"Blog, Accueil\",\"Droits de l'homme et entreprises\",\"Le d\u00e9veloppement durable dans les entreprises\"],\"inLanguage\":\"fr-FR\"},{\"@type\":\"WebPage\",\"@id\":\"https:\\\/\\\/wearepropos.es\\\/fr\\\/le-calendrier-de-la-durabilite\\\/\",\"url\":\"https:\\\/\\\/wearepropos.es\\\/fr\\\/le-calendrier-de-la-durabilite\\\/\",\"name\":\"Le calendrier de la durabilit\u00e9 &#8211; Prop\u00f3s | Sostenibilidad, ESG, Branding y Comunicaci\u00f3n en Madrid, Barcelona y Ginebra\",\"isPartOf\":{\"@id\":\"https:\\\/\\\/wearepropos.es\\\/fr\\\/#website\"},\"primaryImageOfPage\":{\"@id\":\"https:\\\/\\\/wearepropos.es\\\/fr\\\/le-calendrier-de-la-durabilite\\\/#primaryimage\"},\"image\":{\"@id\":\"https:\\\/\\\/wearepropos.es\\\/fr\\\/le-calendrier-de-la-durabilite\\\/#primaryimage\"},\"thumbnailUrl\":\"https:\\\/\\\/wearepropos.es\\\/wp-content\\\/uploads\\\/2023\\\/05\\\/gettyimages-1294867206-612x612-1.jpg\",\"datePublished\":\"2023-05-01T07:36:00+00:00\",\"dateModified\":\"2023-05-01T08:36:00+00:00\",\"description\":\"Depuis 1987, les organisations internationales et transnationales ont \u00e9tabli un calendrier jalonn\u00e9 d'\u00e9tapes et de progr\u00e8s vers la durabilit\u00e9.\",\"breadcrumb\":{\"@id\":\"https:\\\/\\\/wearepropos.es\\\/fr\\\/le-calendrier-de-la-durabilite\\\/#breadcrumb\"},\"inLanguage\":\"fr-FR\",\"potentialAction\":[{\"@type\":\"ReadAction\",\"target\":[\"https:\\\/\\\/wearepropos.es\\\/fr\\\/le-calendrier-de-la-durabilite\\\/\"]}]},{\"@type\":\"ImageObject\",\"inLanguage\":\"fr-FR\",\"@id\":\"https:\\\/\\\/wearepropos.es\\\/fr\\\/le-calendrier-de-la-durabilite\\\/#primaryimage\",\"url\":\"https:\\\/\\\/wearepropos.es\\\/wp-content\\\/uploads\\\/2023\\\/05\\\/gettyimages-1294867206-612x612-1.jpg\",\"contentUrl\":\"https:\\\/\\\/wearepropos.es\\\/wp-content\\\/uploads\\\/2023\\\/05\\\/gettyimages-1294867206-612x612-1.jpg\",\"width\":612,\"height\":408,\"caption\":\"Aerial view of women friends running together getting fit during lockdown. They are in Newcastle City Centre running on a spiral outdoor staircase.\"},{\"@type\":\"BreadcrumbList\",\"@id\":\"https:\\\/\\\/wearepropos.es\\\/fr\\\/le-calendrier-de-la-durabilite\\\/#breadcrumb\",\"itemListElement\":[{\"@type\":\"ListItem\",\"position\":1,\"name\":\"Portada\",\"item\":\"https:\\\/\\\/wearepropos.es\\\/fr\\\/\"},{\"@type\":\"ListItem\",\"position\":2,\"name\":\"Le calendrier de la durabilit\u00e9\"}]},{\"@type\":\"WebSite\",\"@id\":\"https:\\\/\\\/wearepropos.es\\\/fr\\\/#website\",\"url\":\"https:\\\/\\\/wearepropos.es\\\/fr\\\/\",\"name\":\"Prop\u00f3s | Sostenibilidad, ESG, Branding y Comunicaci\u00f3n en Madrid, Barcelona y Ginebra\",\"description\":\"Empresa y agencia consultora en Sostenibilidad, ESG, impacto social, informe no financiero, branding y dise\u00f1o en Madrid, Barcelona y Ginebra\",\"publisher\":{\"@id\":\"https:\\\/\\\/wearepropos.es\\\/fr\\\/#organization\"},\"potentialAction\":[{\"@type\":\"SearchAction\",\"target\":{\"@type\":\"EntryPoint\",\"urlTemplate\":\"https:\\\/\\\/wearepropos.es\\\/fr\\\/?s={search_term_string}\"},\"query-input\":{\"@type\":\"PropertyValueSpecification\",\"valueRequired\":true,\"valueName\":\"search_term_string\"}}],\"inLanguage\":\"fr-FR\"},{\"@type\":\"Organization\",\"@id\":\"https:\\\/\\\/wearepropos.es\\\/fr\\\/#organization\",\"name\":\"Prop\u00f3s\",\"url\":\"https:\\\/\\\/wearepropos.es\\\/fr\\\/\",\"logo\":{\"@type\":\"ImageObject\",\"inLanguage\":\"fr-FR\",\"@id\":\"https:\\\/\\\/wearepropos.es\\\/fr\\\/#\\\/schema\\\/logo\\\/image\\\/\",\"url\":\"http:\\\/\\\/wearepropos.es\\\/wp-content\\\/uploads\\\/2023\\\/04\\\/fondo-generalista.png\",\"contentUrl\":\"http:\\\/\\\/wearepropos.es\\\/wp-content\\\/uploads\\\/2023\\\/04\\\/fondo-generalista.png\",\"width\":1219,\"height\":649,\"caption\":\"Prop\u00f3s\"},\"image\":{\"@id\":\"https:\\\/\\\/wearepropos.es\\\/fr\\\/#\\\/schema\\\/logo\\\/image\\\/\"}},{\"@type\":\"Person\",\"@id\":\"https:\\\/\\\/wearepropos.es\\\/fr\\\/#\\\/schema\\\/person\\\/445d67b6a1dcbdf0fb5332d58ccbeb21\",\"name\":\"Prop\u00f3s ESG, sostenibilidad e impacto social\",\"image\":{\"@type\":\"ImageObject\",\"inLanguage\":\"fr-FR\",\"@id\":\"https:\\\/\\\/wearepropos.es\\\/wp-content\\\/litespeed\\\/avatar\\\/81ea4cc1840341d3817e1c13f490c69e.jpg?ver=1777471161\",\"url\":\"https:\\\/\\\/wearepropos.es\\\/wp-content\\\/litespeed\\\/avatar\\\/81ea4cc1840341d3817e1c13f490c69e.jpg?ver=1777471161\",\"contentUrl\":\"https:\\\/\\\/wearepropos.es\\\/wp-content\\\/litespeed\\\/avatar\\\/81ea4cc1840341d3817e1c13f490c69e.jpg?ver=1777471161\",\"caption\":\"Prop\u00f3s ESG, sostenibilidad e impacto social\"},\"sameAs\":[\"http:\\\/\\\/wearepropos.es\"]}]}<\/script>\n<!-- \/ Yoast SEO plugin. -->","yoast_head_json":{"title":"Le calendrier de la durabilit\u00e9 &#8211; Prop\u00f3s | Sostenibilidad, ESG, Branding y Comunicaci\u00f3n en Madrid, Barcelona y Ginebra","description":"Depuis 1987, les organisations internationales et transnationales ont \u00e9tabli un calendrier jalonn\u00e9 d'\u00e9tapes et de progr\u00e8s vers la durabilit\u00e9.","robots":{"index":"index","follow":"follow","max-snippet":"max-snippet:-1","max-image-preview":"max-image-preview:large","max-video-preview":"max-video-preview:-1"},"canonical":"https:\/\/wearepropos.es\/fr\/le-calendrier-de-la-durabilite\/","og_locale":"fr_FR","og_type":"article","og_title":"Le calendrier de la durabilit\u00e9 &#8211; Prop\u00f3s | Sostenibilidad, ESG, Branding y Comunicaci\u00f3n en Madrid, Barcelona y Ginebra","og_description":"Depuis 1987, les organisations internationales et transnationales ont \u00e9tabli un calendrier jalonn\u00e9 d'\u00e9tapes et de progr\u00e8s vers la durabilit\u00e9.","og_url":"https:\/\/wearepropos.es\/fr\/le-calendrier-de-la-durabilite\/","og_site_name":"Prop\u00f3s | Sostenibilidad, ESG, Branding y Comunicaci\u00f3n en Madrid, Barcelona y Ginebra","article_published_time":"2023-05-01T07:36:00+00:00","article_modified_time":"2023-05-01T08:36:00+00:00","og_image":[{"width":612,"height":408,"url":"https:\/\/wearepropos.es\/wp-content\/uploads\/2023\/05\/gettyimages-1294867206-612x612-1.jpg","type":"image\/jpeg"}],"author":"Prop\u00f3s ESG, sostenibilidad e impacto social","twitter_card":"summary_large_image","twitter_misc":{"\u00c9crit par":"Prop\u00f3s ESG, sostenibilidad e impacto social"},"schema":{"@context":"https:\/\/schema.org","@graph":[{"@type":["Article","BlogPosting"],"@id":"https:\/\/wearepropos.es\/fr\/le-calendrier-de-la-durabilite\/#article","isPartOf":{"@id":"https:\/\/wearepropos.es\/fr\/le-calendrier-de-la-durabilite\/"},"author":{"name":"Prop\u00f3s ESG, sostenibilidad e impacto social","@id":"https:\/\/wearepropos.es\/fr\/#\/schema\/person\/445d67b6a1dcbdf0fb5332d58ccbeb21"},"headline":"Le calendrier de la durabilit\u00e9","datePublished":"2023-05-01T07:36:00+00:00","dateModified":"2023-05-01T08:36:00+00:00","mainEntityOfPage":{"@id":"https:\/\/wearepropos.es\/fr\/le-calendrier-de-la-durabilite\/"},"wordCount":99,"publisher":{"@id":"https:\/\/wearepropos.es\/fr\/#organization"},"image":{"@id":"https:\/\/wearepropos.es\/fr\/le-calendrier-de-la-durabilite\/#primaryimage"},"thumbnailUrl":"https:\/\/wearepropos.es\/wp-content\/uploads\/2023\/05\/gettyimages-1294867206-612x612-1.jpg","keywords":["Durabilit\u00e9","Entreprise","\u00c9volution de la durabilit\u00e9"],"articleSection":["Blog","Blog, Accueil","Droits de l'homme et entreprises","Le d\u00e9veloppement durable dans les entreprises"],"inLanguage":"fr-FR"},{"@type":"WebPage","@id":"https:\/\/wearepropos.es\/fr\/le-calendrier-de-la-durabilite\/","url":"https:\/\/wearepropos.es\/fr\/le-calendrier-de-la-durabilite\/","name":"Le calendrier de la durabilit\u00e9 &#8211; Prop\u00f3s | Sostenibilidad, ESG, Branding y Comunicaci\u00f3n en Madrid, Barcelona y Ginebra","isPartOf":{"@id":"https:\/\/wearepropos.es\/fr\/#website"},"primaryImageOfPage":{"@id":"https:\/\/wearepropos.es\/fr\/le-calendrier-de-la-durabilite\/#primaryimage"},"image":{"@id":"https:\/\/wearepropos.es\/fr\/le-calendrier-de-la-durabilite\/#primaryimage"},"thumbnailUrl":"https:\/\/wearepropos.es\/wp-content\/uploads\/2023\/05\/gettyimages-1294867206-612x612-1.jpg","datePublished":"2023-05-01T07:36:00+00:00","dateModified":"2023-05-01T08:36:00+00:00","description":"Depuis 1987, les organisations internationales et transnationales ont \u00e9tabli un calendrier jalonn\u00e9 d'\u00e9tapes et de progr\u00e8s vers la durabilit\u00e9.","breadcrumb":{"@id":"https:\/\/wearepropos.es\/fr\/le-calendrier-de-la-durabilite\/#breadcrumb"},"inLanguage":"fr-FR","potentialAction":[{"@type":"ReadAction","target":["https:\/\/wearepropos.es\/fr\/le-calendrier-de-la-durabilite\/"]}]},{"@type":"ImageObject","inLanguage":"fr-FR","@id":"https:\/\/wearepropos.es\/fr\/le-calendrier-de-la-durabilite\/#primaryimage","url":"https:\/\/wearepropos.es\/wp-content\/uploads\/2023\/05\/gettyimages-1294867206-612x612-1.jpg","contentUrl":"https:\/\/wearepropos.es\/wp-content\/uploads\/2023\/05\/gettyimages-1294867206-612x612-1.jpg","width":612,"height":408,"caption":"Aerial view of women friends running together getting fit during lockdown. They are in Newcastle City Centre running on a spiral outdoor staircase."},{"@type":"BreadcrumbList","@id":"https:\/\/wearepropos.es\/fr\/le-calendrier-de-la-durabilite\/#breadcrumb","itemListElement":[{"@type":"ListItem","position":1,"name":"Portada","item":"https:\/\/wearepropos.es\/fr\/"},{"@type":"ListItem","position":2,"name":"Le calendrier de la durabilit\u00e9"}]},{"@type":"WebSite","@id":"https:\/\/wearepropos.es\/fr\/#website","url":"https:\/\/wearepropos.es\/fr\/","name":"Prop\u00f3s | Sostenibilidad, ESG, Branding y Comunicaci\u00f3n en Madrid, Barcelona y Ginebra","description":"Empresa y agencia consultora en Sostenibilidad, ESG, impacto social, informe no financiero, branding y dise\u00f1o en Madrid, Barcelona y Ginebra","publisher":{"@id":"https:\/\/wearepropos.es\/fr\/#organization"},"potentialAction":[{"@type":"SearchAction","target":{"@type":"EntryPoint","urlTemplate":"https:\/\/wearepropos.es\/fr\/?s={search_term_string}"},"query-input":{"@type":"PropertyValueSpecification","valueRequired":true,"valueName":"search_term_string"}}],"inLanguage":"fr-FR"},{"@type":"Organization","@id":"https:\/\/wearepropos.es\/fr\/#organization","name":"Prop\u00f3s","url":"https:\/\/wearepropos.es\/fr\/","logo":{"@type":"ImageObject","inLanguage":"fr-FR","@id":"https:\/\/wearepropos.es\/fr\/#\/schema\/logo\/image\/","url":"http:\/\/wearepropos.es\/wp-content\/uploads\/2023\/04\/fondo-generalista.png","contentUrl":"http:\/\/wearepropos.es\/wp-content\/uploads\/2023\/04\/fondo-generalista.png","width":1219,"height":649,"caption":"Prop\u00f3s"},"image":{"@id":"https:\/\/wearepropos.es\/fr\/#\/schema\/logo\/image\/"}},{"@type":"Person","@id":"https:\/\/wearepropos.es\/fr\/#\/schema\/person\/445d67b6a1dcbdf0fb5332d58ccbeb21","name":"Prop\u00f3s ESG, sostenibilidad e impacto social","image":{"@type":"ImageObject","inLanguage":"fr-FR","@id":"https:\/\/wearepropos.es\/wp-content\/litespeed\/avatar\/81ea4cc1840341d3817e1c13f490c69e.jpg?ver=1777471161","url":"https:\/\/wearepropos.es\/wp-content\/litespeed\/avatar\/81ea4cc1840341d3817e1c13f490c69e.jpg?ver=1777471161","contentUrl":"https:\/\/wearepropos.es\/wp-content\/litespeed\/avatar\/81ea4cc1840341d3817e1c13f490c69e.jpg?ver=1777471161","caption":"Prop\u00f3s ESG, sostenibilidad e impacto social"},"sameAs":["http:\/\/wearepropos.es"]}]}},"_links":{"self":[{"href":"https:\/\/wearepropos.es\/fr\/wp-json\/wp\/v2\/posts\/31926","targetHints":{"allow":["GET"]}}],"collection":[{"href":"https:\/\/wearepropos.es\/fr\/wp-json\/wp\/v2\/posts"}],"about":[{"href":"https:\/\/wearepropos.es\/fr\/wp-json\/wp\/v2\/types\/post"}],"author":[{"embeddable":true,"href":"https:\/\/wearepropos.es\/fr\/wp-json\/wp\/v2\/users\/4"}],"replies":[{"embeddable":true,"href":"https:\/\/wearepropos.es\/fr\/wp-json\/wp\/v2\/comments?post=31926"}],"version-history":[{"count":0,"href":"https:\/\/wearepropos.es\/fr\/wp-json\/wp\/v2\/posts\/31926\/revisions"}],"wp:featuredmedia":[{"embeddable":true,"href":"https:\/\/wearepropos.es\/fr\/wp-json\/wp\/v2\/media\/35263"}],"wp:attachment":[{"href":"https:\/\/wearepropos.es\/fr\/wp-json\/wp\/v2\/media?parent=31926"}],"wp:term":[{"taxonomy":"category","embeddable":true,"href":"https:\/\/wearepropos.es\/fr\/wp-json\/wp\/v2\/categories?post=31926"},{"taxonomy":"post_tag","embeddable":true,"href":"https:\/\/wearepropos.es\/fr\/wp-json\/wp\/v2\/tags?post=31926"},{"taxonomy":"dipi_cpt_category","embeddable":true,"href":"https:\/\/wearepropos.es\/fr\/wp-json\/wp\/v2\/dipi_cpt_category?post=31926"}],"curies":[{"name":"wp","href":"https:\/\/api.w.org\/{rel}","templated":true}]}}