{"id":31929,"date":"2023-05-29T09:44:50","date_gmt":"2023-05-29T07:44:50","guid":{"rendered":"http:\/\/wearepropos.es\/?p=31929"},"modified":"2023-09-08T10:31:53","modified_gmt":"2023-09-08T08:31:53","slug":"ifn-i-ce-quil-faut-savoir-sur-linformation-non-financiere","status":"publish","type":"post","link":"https:\/\/wearepropos.es\/fr\/ifn-i-ce-quil-faut-savoir-sur-linformation-non-financiere\/","title":{"rendered":"IFN (I) : Ce qu&rsquo;il faut savoir sur l&rsquo;information non financi\u00e8re"},"content":{"rendered":"<p>La pression r\u00e9glementaire est un autre facteur externe qui a favoris\u00e9 l&rsquo;\u00e9conomie de l&rsquo;impact et l&rsquo;expansion des mod\u00e8les ESG, \u00e9tay\u00e9s par des projets r\u00e9glementaires d&rsquo;organisations, d&rsquo;institutions transnationales et de pays.<\/p>\n<p>L&rsquo;Union europ\u00e9enne, par exemple, a approuv\u00e9 la directive 2014\/95\/UE, transpos\u00e9e ensuite par l&rsquo;Espagne dans la loi organique 11\/2018, du 28 d\u00e9cembre, sur les informations non financi\u00e8res, dans le but de les rendre obligatoires et d&rsquo;assurer l&rsquo;uniformit\u00e9.<\/p>\n<p>C&rsquo;est la raison fondamentale pour laquelle, jusqu&rsquo;\u00e0 pr\u00e9sent, le souci d&rsquo;inclure des crit\u00e8res ESG dans le travail des entreprises a \u00e9t\u00e9 presque uniquement li\u00e9 \u00e0 leur responsabilit\u00e9, en particulier \u00e0 leur d\u00e9claration d&rsquo;informations non financi\u00e8res (NFI).<\/p>\n<p>Actuellement, l&rsquo;agenda r\u00e9glementaire de l&rsquo;Europe comprend la mise \u00e0 jour de cette directive par une nouvelle, la CSRD, qui mettra en \u0153uvre un ensemble de normes europ\u00e9ennes pour la pr\u00e9sentation d&rsquo;informations li\u00e9es au d\u00e9veloppement durable.<\/p>\n<h3 style=\"color: #3a4781 !important; padding-bottom:10px; padding-top:10px;\">Qui doit publier l&rsquo;\u00e9tat de l&rsquo;information non financi\u00e8re ?<\/h3>\n<p>La NFIA doit \u00eatre pr\u00e9par\u00e9e par les entreprises et les groupes qui comptent plus de 500 employ\u00e9s et qui ont :<\/p>\n<ol style=\"letter-spacing:-2px !important;\">\n<li style=\"letter-spacing:-1px !important;\">  ou la prise en compte des entit\u00e9s d&rsquo;int\u00e9r\u00eat public ;<\/li>\n<li style=\"letter-spacing:-1px !important;\">  ou qui remplissent pendant deux ann\u00e9es cons\u00e9cutives au moins deux des conditions suivantes :<\/li>\n<li style=\"letter-spacing:-1px !important;\">  20 millions d&rsquo;euros d&rsquo;actifs,<\/li>\n<li style=\"letter-spacing:-1px !important;\">  plus de 250 employ\u00e9s,<\/li>\n<li style=\"letter-spacing:-1px !important;\">  un chiffre d&rsquo;affaires de plus de 40 millions d&rsquo;euros.<\/li>\n<\/ol>\n<p>La loi pr\u00e9voit l&rsquo;exception d&rsquo;une filiale en raison de l&rsquo;exigence de groupe. En d&rsquo;autres termes, une entreprise qui d\u00e9pend d&rsquo;un groupe qui, conform\u00e9ment \u00e0 la loi, publie le rapport sur la d\u00e9claration non financi\u00e8re et dont le contenu parvient \u00e0 la filiale.<\/p>\n<h3 style=\"color: #3a4781 !important; padding-bottom:10px; padding-top:10px;\">Quel est le contenu de l&rsquo;EINF ?<\/h3>\n<p>La NFIA doit rendre compte des questions environnementales (pollution, \u00e9conomie circulaire, pr\u00e9vention et gestion des d\u00e9chets, utilisation durable des ressources, changement climatique et protection de la biodiversit\u00e9), des questions sociales et de personnel (emploi, organisation du travail, sant\u00e9 et s\u00e9curit\u00e9, relations de travail, formation, accessibilit\u00e9, \u00e9galit\u00e9), des droits de l&rsquo;homme, de la corruption et des pots-de-vin, ainsi que des questions soci\u00e9tales (engagements de l&rsquo;entreprise en faveur du d\u00e9veloppement durable, sous-traitance et fournisseurs, consommateurs et informations fiscales).<\/p>\n<h3 style=\"color: #3a4781 !important; padding-bottom:10px; padding-top:10px;\">Quels sont les crit\u00e8res de r\u00e9daction recommand\u00e9s ?<\/h3>\n<p>La loi propose diff\u00e9rentes lignes directrices ou propositions sur lesquelles les entreprises peuvent fonder leurs rapports non financiers. En particulier, l&rsquo;utilisation des lignes directrices de la Global Reporting Initiative (GRI) et des lignes directrices de la Commission europ\u00e9enne.<\/p>\n<p>Toutefois, les entreprises peuvent \u00e9galement s&rsquo;appuyer sur d&rsquo;autres cadres r\u00e9glementaires nationaux, europ\u00e9ens ou internationaux.<\/p>\n<h3 style=\"color: #3a4781 !important; padding-bottom:10px; padding-top:10px;\">Quelle est la norme \u00e0 suivre pour son \u00e9laboration ?<\/h3>\n<p>Il n&rsquo;existe pas de norme unique pour les rapports. La collaboration et l&rsquo;int\u00e9gration entre eux facilitent leur uniformit\u00e9 et leur homog\u00e9n\u00e9it\u00e9, ce pour quoi les progr\u00e8s l\u00e9gislatifs ont \u00e9t\u00e9 d\u00e9cisifs.<\/p>\n<p>En raison de leur popularit\u00e9 et de l&rsquo;\u00e9tendue de leur utilisation, nous pouvons mettre en \u00e9vidence les \u00e9l\u00e9ments suivants :<\/p>\n<ul>\n<li style=\"letter-spacing:-1px !important;\"><a class=\"enlace\" title=\"GRI.\" href=\"https:\/\/www.globalreporting.org\/\">GRI.<\/a>  Il s&rsquo;agit d&rsquo;une norme de reporting et de divulgation ESG divis\u00e9e en trois domaines.<\/li>\n<li style=\"letter-spacing:-1px !important;\"><a class=\"enlace\" title=\"Fondation Value Reporting\" href=\"https:\/\/www.valuereportingfoundation.org\/\">Value Reporting Foundation<\/a>, qui est le r\u00e9sultat de la fusion entre le SAAB et l&rsquo;IIRC, avec 77 normes pour l&rsquo;\u00e9valuation des questions de durabilit\u00e9.<\/li>\n<\/ul>\n<h3 style=\"color: #3a4781 !important; padding-bottom:10px; padding-top:10px;\">O\u00f9, quand et comment dois-je communiquer mes informations non financi\u00e8res ?<\/h3>\n<p>L&rsquo;analyse d&rsquo;impact national peut \u00eatre int\u00e9gr\u00e9e au rapport de gestion ou publi\u00e9e en tant que rapport ind\u00e9pendant, en mentionnant que ce document fait partie du rapport de gestion.<\/p>\n<p>La d\u00e9claration non financi\u00e8re doit \u00eatre pr\u00e9par\u00e9e au plus tard trois mois apr\u00e8s la fin de l&rsquo;exercice financier et doit \u00eatre sign\u00e9e par tous les administrateurs de la soci\u00e9t\u00e9. Ce document doit \u00eatre publi\u00e9 sur le site web six mois apr\u00e8s la date de cl\u00f4ture et pour une p\u00e9riode de cinq ans.<\/p>\n","protected":false},"excerpt":{"rendered":"<p>Certains profils d&rsquo;entreprises sont tenus de communiquer chaque ann\u00e9e des informations non financi\u00e8res. D\u00e9couvrez les d\u00e9tails de base de la pr\u00e9paration de votre NFS.<\/p>\n","protected":false},"author":4,"featured_media":0,"comment_status":"closed","ping_status":"closed","sticky":false,"template":"","format":"standard","meta":{"_et_pb_use_builder":"","_et_pb_old_content":"","_et_gb_content_width":"","footnotes":""},"categories":[522,520,526,521,549],"tags":[842,836,631,839,841,837,838,652,840,817],"dipi_cpt_category":[],"class_list":["post-31929","post","type-post","status-publish","format-standard","hentry","category-agenda-2030","category-blog-fr","category-blog-accueil","category-droits-de-lhomme-et-entreprises","category-le-developpement-durable-dans-les-entreprises","tag-comment-preparer-votre-rapport-de-situation-non-financiere","tag-declaration-dinformations-non-financieres","tag-einf-fr","tag-entreprises","tag-informations-annuelles","tag-loi","tag-obligation-legale","tag-rapport","tag-rapport-fr-2","tag-rapport-fr"],"yoast_head":"<!-- This site is optimized with the Yoast SEO plugin v27.4 - https:\/\/yoast.com\/product\/yoast-seo-wordpress\/ -->\n<title>IFN (I) : Ce qu&#039;il faut savoir sur l&#039;information non financi\u00e8re &#8211; Prop\u00f3s | Sostenibilidad, ESG, Branding y Comunicaci\u00f3n en Madrid, Barcelona y Ginebra<\/title>\n<meta name=\"description\" content=\"Certains profils d&#039;entreprises sont tenus de communiquer chaque ann\u00e9e des informations non financi\u00e8res. D\u00e9couvrez les d\u00e9tails de base de la pr\u00e9paration de votre NFS.\" \/>\n<meta name=\"robots\" content=\"index, follow, max-snippet:-1, max-image-preview:large, max-video-preview:-1\" \/>\n<link rel=\"canonical\" href=\"https:\/\/wearepropos.es\/fr\/ifn-i-ce-quil-faut-savoir-sur-linformation-non-financiere\/\" \/>\n<meta property=\"og:locale\" content=\"fr_FR\" \/>\n<meta property=\"og:type\" content=\"article\" \/>\n<meta property=\"og:title\" content=\"IFN (I) : Ce qu&#039;il faut savoir sur l&#039;information non financi\u00e8re &#8211; Prop\u00f3s | Sostenibilidad, ESG, Branding y Comunicaci\u00f3n en Madrid, Barcelona y Ginebra\" \/>\n<meta property=\"og:description\" content=\"Certains profils d&#039;entreprises sont tenus de communiquer chaque ann\u00e9e des informations non financi\u00e8res. D\u00e9couvrez les d\u00e9tails de base de la pr\u00e9paration de votre NFS.\" \/>\n<meta property=\"og:url\" content=\"https:\/\/wearepropos.es\/fr\/ifn-i-ce-quil-faut-savoir-sur-linformation-non-financiere\/\" \/>\n<meta property=\"og:site_name\" content=\"Prop\u00f3s | Sostenibilidad, ESG, Branding y Comunicaci\u00f3n en Madrid, Barcelona y Ginebra\" \/>\n<meta property=\"article:published_time\" content=\"2023-05-29T07:44:50+00:00\" \/>\n<meta property=\"article:modified_time\" content=\"2023-09-08T08:31:53+00:00\" \/>\n<meta name=\"author\" content=\"Prop\u00f3s ESG, sostenibilidad e impacto social\" \/>\n<meta name=\"twitter:card\" content=\"summary_large_image\" \/>\n<meta name=\"twitter:label1\" content=\"\u00c9crit par\" \/>\n\t<meta name=\"twitter:data1\" content=\"Prop\u00f3s ESG, sostenibilidad e impacto social\" \/>\n\t<meta name=\"twitter:label2\" content=\"Dur\u00e9e de lecture estim\u00e9e\" \/>\n\t<meta name=\"twitter:data2\" content=\"3 minutes\" \/>\n<script type=\"application\/ld+json\" class=\"yoast-schema-graph\">{\"@context\":\"https:\\\/\\\/schema.org\",\"@graph\":[{\"@type\":[\"Article\",\"BlogPosting\"],\"@id\":\"https:\\\/\\\/wearepropos.es\\\/fr\\\/ifn-i-ce-quil-faut-savoir-sur-linformation-non-financiere\\\/#article\",\"isPartOf\":{\"@id\":\"https:\\\/\\\/wearepropos.es\\\/fr\\\/ifn-i-ce-quil-faut-savoir-sur-linformation-non-financiere\\\/\"},\"author\":{\"name\":\"Prop\u00f3s ESG, sostenibilidad e impacto social\",\"@id\":\"https:\\\/\\\/wearepropos.es\\\/fr\\\/#\\\/schema\\\/person\\\/445d67b6a1dcbdf0fb5332d58ccbeb21\"},\"headline\":\"IFN (I) : Ce qu&rsquo;il faut savoir sur l&rsquo;information non financi\u00e8re\",\"datePublished\":\"2023-05-29T07:44:50+00:00\",\"dateModified\":\"2023-09-08T08:31:53+00:00\",\"mainEntityOfPage\":{\"@id\":\"https:\\\/\\\/wearepropos.es\\\/fr\\\/ifn-i-ce-quil-faut-savoir-sur-linformation-non-financiere\\\/\"},\"wordCount\":685,\"publisher\":{\"@id\":\"https:\\\/\\\/wearepropos.es\\\/fr\\\/#organization\"},\"keywords\":[\"comment pr\u00e9parer votre rapport de situation non financi\u00e8re\",\"d\u00e9claration d'informations non financi\u00e8res\",\"EINF\",\"entreprises\",\"informations annuelles\",\"loi\",\"obligation l\u00e9gale\",\"rapport\",\"rapport\",\"rapport\"],\"articleSection\":[\"Agenda 2030\",\"Blog\",\"Blog, Accueil\",\"Droits de l'homme et entreprises\",\"Le d\u00e9veloppement durable dans les entreprises\"],\"inLanguage\":\"fr-FR\"},{\"@type\":\"WebPage\",\"@id\":\"https:\\\/\\\/wearepropos.es\\\/fr\\\/ifn-i-ce-quil-faut-savoir-sur-linformation-non-financiere\\\/\",\"url\":\"https:\\\/\\\/wearepropos.es\\\/fr\\\/ifn-i-ce-quil-faut-savoir-sur-linformation-non-financiere\\\/\",\"name\":\"IFN (I) : Ce qu'il faut savoir sur l'information non financi\u00e8re &#8211; Prop\u00f3s | Sostenibilidad, ESG, Branding y Comunicaci\u00f3n en Madrid, Barcelona y Ginebra\",\"isPartOf\":{\"@id\":\"https:\\\/\\\/wearepropos.es\\\/fr\\\/#website\"},\"datePublished\":\"2023-05-29T07:44:50+00:00\",\"dateModified\":\"2023-09-08T08:31:53+00:00\",\"description\":\"Certains profils d'entreprises sont tenus de communiquer chaque ann\u00e9e des informations non financi\u00e8res. D\u00e9couvrez les d\u00e9tails de base de la pr\u00e9paration de votre NFS.\",\"breadcrumb\":{\"@id\":\"https:\\\/\\\/wearepropos.es\\\/fr\\\/ifn-i-ce-quil-faut-savoir-sur-linformation-non-financiere\\\/#breadcrumb\"},\"inLanguage\":\"fr-FR\",\"potentialAction\":[{\"@type\":\"ReadAction\",\"target\":[\"https:\\\/\\\/wearepropos.es\\\/fr\\\/ifn-i-ce-quil-faut-savoir-sur-linformation-non-financiere\\\/\"]}]},{\"@type\":\"BreadcrumbList\",\"@id\":\"https:\\\/\\\/wearepropos.es\\\/fr\\\/ifn-i-ce-quil-faut-savoir-sur-linformation-non-financiere\\\/#breadcrumb\",\"itemListElement\":[{\"@type\":\"ListItem\",\"position\":1,\"name\":\"Portada\",\"item\":\"https:\\\/\\\/wearepropos.es\\\/fr\\\/\"},{\"@type\":\"ListItem\",\"position\":2,\"name\":\"IFN (I) : Ce qu&#8217;il faut savoir sur l&#8217;information non financi\u00e8re\"}]},{\"@type\":\"WebSite\",\"@id\":\"https:\\\/\\\/wearepropos.es\\\/fr\\\/#website\",\"url\":\"https:\\\/\\\/wearepropos.es\\\/fr\\\/\",\"name\":\"Prop\u00f3s | Sostenibilidad, ESG, Branding y Comunicaci\u00f3n en Madrid, Barcelona y Ginebra\",\"description\":\"Empresa y agencia consultora en Sostenibilidad, ESG, impacto social, informe no financiero, branding y dise\u00f1o en Madrid, Barcelona y Ginebra\",\"publisher\":{\"@id\":\"https:\\\/\\\/wearepropos.es\\\/fr\\\/#organization\"},\"potentialAction\":[{\"@type\":\"SearchAction\",\"target\":{\"@type\":\"EntryPoint\",\"urlTemplate\":\"https:\\\/\\\/wearepropos.es\\\/fr\\\/?s={search_term_string}\"},\"query-input\":{\"@type\":\"PropertyValueSpecification\",\"valueRequired\":true,\"valueName\":\"search_term_string\"}}],\"inLanguage\":\"fr-FR\"},{\"@type\":\"Organization\",\"@id\":\"https:\\\/\\\/wearepropos.es\\\/fr\\\/#organization\",\"name\":\"Prop\u00f3s\",\"url\":\"https:\\\/\\\/wearepropos.es\\\/fr\\\/\",\"logo\":{\"@type\":\"ImageObject\",\"inLanguage\":\"fr-FR\",\"@id\":\"https:\\\/\\\/wearepropos.es\\\/fr\\\/#\\\/schema\\\/logo\\\/image\\\/\",\"url\":\"http:\\\/\\\/wearepropos.es\\\/wp-content\\\/uploads\\\/2023\\\/04\\\/fondo-generalista.png\",\"contentUrl\":\"http:\\\/\\\/wearepropos.es\\\/wp-content\\\/uploads\\\/2023\\\/04\\\/fondo-generalista.png\",\"width\":1219,\"height\":649,\"caption\":\"Prop\u00f3s\"},\"image\":{\"@id\":\"https:\\\/\\\/wearepropos.es\\\/fr\\\/#\\\/schema\\\/logo\\\/image\\\/\"}},{\"@type\":\"Person\",\"@id\":\"https:\\\/\\\/wearepropos.es\\\/fr\\\/#\\\/schema\\\/person\\\/445d67b6a1dcbdf0fb5332d58ccbeb21\",\"name\":\"Prop\u00f3s ESG, sostenibilidad e impacto social\",\"image\":{\"@type\":\"ImageObject\",\"inLanguage\":\"fr-FR\",\"@id\":\"https:\\\/\\\/wearepropos.es\\\/wp-content\\\/litespeed\\\/avatar\\\/81ea4cc1840341d3817e1c13f490c69e.jpg?ver=1777471161\",\"url\":\"https:\\\/\\\/wearepropos.es\\\/wp-content\\\/litespeed\\\/avatar\\\/81ea4cc1840341d3817e1c13f490c69e.jpg?ver=1777471161\",\"contentUrl\":\"https:\\\/\\\/wearepropos.es\\\/wp-content\\\/litespeed\\\/avatar\\\/81ea4cc1840341d3817e1c13f490c69e.jpg?ver=1777471161\",\"caption\":\"Prop\u00f3s ESG, sostenibilidad e impacto social\"},\"sameAs\":[\"http:\\\/\\\/wearepropos.es\"]}]}<\/script>\n<!-- \/ Yoast SEO plugin. -->","yoast_head_json":{"title":"IFN (I) : Ce qu'il faut savoir sur l'information non financi\u00e8re &#8211; Prop\u00f3s | Sostenibilidad, ESG, Branding y Comunicaci\u00f3n en Madrid, Barcelona y Ginebra","description":"Certains profils d'entreprises sont tenus de communiquer chaque ann\u00e9e des informations non financi\u00e8res. D\u00e9couvrez les d\u00e9tails de base de la pr\u00e9paration de votre NFS.","robots":{"index":"index","follow":"follow","max-snippet":"max-snippet:-1","max-image-preview":"max-image-preview:large","max-video-preview":"max-video-preview:-1"},"canonical":"https:\/\/wearepropos.es\/fr\/ifn-i-ce-quil-faut-savoir-sur-linformation-non-financiere\/","og_locale":"fr_FR","og_type":"article","og_title":"IFN (I) : Ce qu'il faut savoir sur l'information non financi\u00e8re &#8211; Prop\u00f3s | Sostenibilidad, ESG, Branding y Comunicaci\u00f3n en Madrid, Barcelona y Ginebra","og_description":"Certains profils d'entreprises sont tenus de communiquer chaque ann\u00e9e des informations non financi\u00e8res. D\u00e9couvrez les d\u00e9tails de base de la pr\u00e9paration de votre NFS.","og_url":"https:\/\/wearepropos.es\/fr\/ifn-i-ce-quil-faut-savoir-sur-linformation-non-financiere\/","og_site_name":"Prop\u00f3s | Sostenibilidad, ESG, Branding y Comunicaci\u00f3n en Madrid, Barcelona y Ginebra","article_published_time":"2023-05-29T07:44:50+00:00","article_modified_time":"2023-09-08T08:31:53+00:00","author":"Prop\u00f3s ESG, sostenibilidad e impacto social","twitter_card":"summary_large_image","twitter_misc":{"\u00c9crit par":"Prop\u00f3s ESG, sostenibilidad e impacto social","Dur\u00e9e de lecture estim\u00e9e":"3 minutes"},"schema":{"@context":"https:\/\/schema.org","@graph":[{"@type":["Article","BlogPosting"],"@id":"https:\/\/wearepropos.es\/fr\/ifn-i-ce-quil-faut-savoir-sur-linformation-non-financiere\/#article","isPartOf":{"@id":"https:\/\/wearepropos.es\/fr\/ifn-i-ce-quil-faut-savoir-sur-linformation-non-financiere\/"},"author":{"name":"Prop\u00f3s ESG, sostenibilidad e impacto social","@id":"https:\/\/wearepropos.es\/fr\/#\/schema\/person\/445d67b6a1dcbdf0fb5332d58ccbeb21"},"headline":"IFN (I) : Ce qu&rsquo;il faut savoir sur l&rsquo;information non financi\u00e8re","datePublished":"2023-05-29T07:44:50+00:00","dateModified":"2023-09-08T08:31:53+00:00","mainEntityOfPage":{"@id":"https:\/\/wearepropos.es\/fr\/ifn-i-ce-quil-faut-savoir-sur-linformation-non-financiere\/"},"wordCount":685,"publisher":{"@id":"https:\/\/wearepropos.es\/fr\/#organization"},"keywords":["comment pr\u00e9parer votre rapport de situation non financi\u00e8re","d\u00e9claration d'informations non financi\u00e8res","EINF","entreprises","informations annuelles","loi","obligation l\u00e9gale","rapport","rapport","rapport"],"articleSection":["Agenda 2030","Blog","Blog, Accueil","Droits de l'homme et entreprises","Le d\u00e9veloppement durable dans les entreprises"],"inLanguage":"fr-FR"},{"@type":"WebPage","@id":"https:\/\/wearepropos.es\/fr\/ifn-i-ce-quil-faut-savoir-sur-linformation-non-financiere\/","url":"https:\/\/wearepropos.es\/fr\/ifn-i-ce-quil-faut-savoir-sur-linformation-non-financiere\/","name":"IFN (I) : Ce qu'il faut savoir sur l'information non financi\u00e8re &#8211; Prop\u00f3s | Sostenibilidad, ESG, Branding y Comunicaci\u00f3n en Madrid, Barcelona y Ginebra","isPartOf":{"@id":"https:\/\/wearepropos.es\/fr\/#website"},"datePublished":"2023-05-29T07:44:50+00:00","dateModified":"2023-09-08T08:31:53+00:00","description":"Certains profils d'entreprises sont tenus de communiquer chaque ann\u00e9e des informations non financi\u00e8res. D\u00e9couvrez les d\u00e9tails de base de la pr\u00e9paration de votre NFS.","breadcrumb":{"@id":"https:\/\/wearepropos.es\/fr\/ifn-i-ce-quil-faut-savoir-sur-linformation-non-financiere\/#breadcrumb"},"inLanguage":"fr-FR","potentialAction":[{"@type":"ReadAction","target":["https:\/\/wearepropos.es\/fr\/ifn-i-ce-quil-faut-savoir-sur-linformation-non-financiere\/"]}]},{"@type":"BreadcrumbList","@id":"https:\/\/wearepropos.es\/fr\/ifn-i-ce-quil-faut-savoir-sur-linformation-non-financiere\/#breadcrumb","itemListElement":[{"@type":"ListItem","position":1,"name":"Portada","item":"https:\/\/wearepropos.es\/fr\/"},{"@type":"ListItem","position":2,"name":"IFN (I) : Ce qu&#8217;il faut savoir sur l&#8217;information non financi\u00e8re"}]},{"@type":"WebSite","@id":"https:\/\/wearepropos.es\/fr\/#website","url":"https:\/\/wearepropos.es\/fr\/","name":"Prop\u00f3s | Sostenibilidad, ESG, Branding y Comunicaci\u00f3n en Madrid, Barcelona y Ginebra","description":"Empresa y agencia consultora en Sostenibilidad, ESG, impacto social, informe no financiero, branding y dise\u00f1o en Madrid, Barcelona y Ginebra","publisher":{"@id":"https:\/\/wearepropos.es\/fr\/#organization"},"potentialAction":[{"@type":"SearchAction","target":{"@type":"EntryPoint","urlTemplate":"https:\/\/wearepropos.es\/fr\/?s={search_term_string}"},"query-input":{"@type":"PropertyValueSpecification","valueRequired":true,"valueName":"search_term_string"}}],"inLanguage":"fr-FR"},{"@type":"Organization","@id":"https:\/\/wearepropos.es\/fr\/#organization","name":"Prop\u00f3s","url":"https:\/\/wearepropos.es\/fr\/","logo":{"@type":"ImageObject","inLanguage":"fr-FR","@id":"https:\/\/wearepropos.es\/fr\/#\/schema\/logo\/image\/","url":"http:\/\/wearepropos.es\/wp-content\/uploads\/2023\/04\/fondo-generalista.png","contentUrl":"http:\/\/wearepropos.es\/wp-content\/uploads\/2023\/04\/fondo-generalista.png","width":1219,"height":649,"caption":"Prop\u00f3s"},"image":{"@id":"https:\/\/wearepropos.es\/fr\/#\/schema\/logo\/image\/"}},{"@type":"Person","@id":"https:\/\/wearepropos.es\/fr\/#\/schema\/person\/445d67b6a1dcbdf0fb5332d58ccbeb21","name":"Prop\u00f3s ESG, sostenibilidad e impacto social","image":{"@type":"ImageObject","inLanguage":"fr-FR","@id":"https:\/\/wearepropos.es\/wp-content\/litespeed\/avatar\/81ea4cc1840341d3817e1c13f490c69e.jpg?ver=1777471161","url":"https:\/\/wearepropos.es\/wp-content\/litespeed\/avatar\/81ea4cc1840341d3817e1c13f490c69e.jpg?ver=1777471161","contentUrl":"https:\/\/wearepropos.es\/wp-content\/litespeed\/avatar\/81ea4cc1840341d3817e1c13f490c69e.jpg?ver=1777471161","caption":"Prop\u00f3s ESG, sostenibilidad e impacto social"},"sameAs":["http:\/\/wearepropos.es"]}]}},"_links":{"self":[{"href":"https:\/\/wearepropos.es\/fr\/wp-json\/wp\/v2\/posts\/31929","targetHints":{"allow":["GET"]}}],"collection":[{"href":"https:\/\/wearepropos.es\/fr\/wp-json\/wp\/v2\/posts"}],"about":[{"href":"https:\/\/wearepropos.es\/fr\/wp-json\/wp\/v2\/types\/post"}],"author":[{"embeddable":true,"href":"https:\/\/wearepropos.es\/fr\/wp-json\/wp\/v2\/users\/4"}],"replies":[{"embeddable":true,"href":"https:\/\/wearepropos.es\/fr\/wp-json\/wp\/v2\/comments?post=31929"}],"version-history":[{"count":1,"href":"https:\/\/wearepropos.es\/fr\/wp-json\/wp\/v2\/posts\/31929\/revisions"}],"predecessor-version":[{"id":37584,"href":"https:\/\/wearepropos.es\/fr\/wp-json\/wp\/v2\/posts\/31929\/revisions\/37584"}],"wp:attachment":[{"href":"https:\/\/wearepropos.es\/fr\/wp-json\/wp\/v2\/media?parent=31929"}],"wp:term":[{"taxonomy":"category","embeddable":true,"href":"https:\/\/wearepropos.es\/fr\/wp-json\/wp\/v2\/categories?post=31929"},{"taxonomy":"post_tag","embeddable":true,"href":"https:\/\/wearepropos.es\/fr\/wp-json\/wp\/v2\/tags?post=31929"},{"taxonomy":"dipi_cpt_category","embeddable":true,"href":"https:\/\/wearepropos.es\/fr\/wp-json\/wp\/v2\/dipi_cpt_category?post=31929"}],"curies":[{"name":"wp","href":"https:\/\/api.w.org\/{rel}","templated":true}]}}